{"id":68,"date":"2023-10-02T18:00:55","date_gmt":"2023-10-02T16:00:55","guid":{"rendered":"https:\/\/lpctour.buchon.fr\/2025\/td\/hafssa\/?p=68"},"modified":"2026-01-29T15:10:22","modified_gmt":"2026-01-29T14:10:22","slug":"les-pays-germanophones","status":"publish","type":"post","link":"https:\/\/lpctour.fr\/2025\/td\/hafssa\/les-pays-germanophones\/","title":{"rendered":"Les pays germanophones : Prague, Vienne, Munich et Berlin."},"content":{"rendered":"<h2 style=\"text-align: center;\"><em>Quatre villes, quatre rythmes<\/em><\/h2>\n<p class=\"ds-markdown-paragraph\">\u00c0 travers ces villes, je ne voyageais pas d\u2019un point \u00e0 un autre, mais d\u2019une atmosph\u00e8re \u00e0 une autre.<br \/>\nQuatre capitales, quatre tonalit\u00e9s d\u2019Europe centrale, reli\u00e9es par le train, le papier et le temps suspendu.<br \/>\nPas de programme, seulement des envies : un caf\u00e9 historique, un banc dans un jardin, une librairie o\u00f9 s\u2019attarder, et toujours un livre dans le sac, comme un passeur invisible.<\/p>\n<h3 style=\"text-align: center;\"><strong>Prague,&nbsp;<\/strong>l\u2019ombre de Kafka et la lumi\u00e8re de la Vltava<\/h3>\n<p><img loading=\"lazy\" decoding=\"async\" class=\"aligncenter wp-image-779 size-full\" src=\"https:\/\/lpctour.fr\/2025\/td\/hafssa\/wp-content\/uploads\/2023\/10\/Charles-Bridge-Karluv-Most.jpg\" alt=\"\" width=\"736\" height=\"491\" srcset=\"https:\/\/lpctour.fr\/2025\/td\/hafssa\/wp-content\/uploads\/2023\/10\/Charles-Bridge-Karluv-Most.jpg 736w, https:\/\/lpctour.fr\/2025\/td\/hafssa\/wp-content\/uploads\/2023\/10\/Charles-Bridge-Karluv-Most-300x200.jpg 300w\" sizes=\"auto, (max-width: 736px) 100vw, 736px\" \/><\/p>\n<h5><span style=\"color: #808080;\">Jours 1 \u00e0 3&nbsp;<\/span><\/h5>\n<h4 class=\"ds-markdown-paragraph\" style=\"text-align: center;\"><strong><em>Arriv\u00e9e dans le gris dor\u00e9<\/em><\/strong><\/h4>\n<p class=\"ds-markdown-paragraph\">On s\u2019installe \u00e0 Mala Strana, pr\u00e8s du fleuve. Premi\u00e8re balade dans les ruelles pav\u00e9es, sans carte, jusqu\u2019\u00e0 tomber sur le Pont Charles en fin d\u2019apr\u00e8s-midi. La foule s\u2019est un peu dissip\u00e9e, la lumi\u00e8re devient ambr\u00e9e.<br \/>\nJe sors&nbsp;<em>Le Ch\u00e2teau<\/em> de mon sac. Lire Kafka \u00e0 Prague, c\u2019est comme d\u00e9chiffrer une ville dans son propre miroir d\u00e9formant.<\/p>\n<p class=\"ds-markdown-paragraph\">Le soir, premier d\u00eener dans une&nbsp;<em>hospoda<\/em>&nbsp;(brasserie) basse de plafond, bois sombre, bi\u00e8re pression. L\u2019ambiance est douce, un peu enfum\u00e9e, comme une sc\u00e8ne de&nbsp;<em>L\u2019Insoutenable L\u00e9g\u00e8ret\u00e9 de l\u2019\u00eatre<\/em>.<\/p>\n<h4 class=\"ds-markdown-paragraph\" style=\"text-align: center;\"><strong>Caf\u00e9s, cimeti\u00e8res et cours secr\u00e8tes<\/strong><\/h4>\n<p class=\"ds-markdown-paragraph\">Matin au Caf\u00e9 Louvre, grand, clair, historique. Ici, Kafka et Einstein ont pris un caf\u00e9. Je commande un&nbsp;<em>v\u011bne\u010dek<\/em>&nbsp;et j\u2019ouvre Kundera.<br \/>\nPuis direction le&nbsp;cimeti\u00e8re juif de Josefov , un monde de pierres pench\u00e9es, de mousse, de m\u00e9moire serr\u00e9e. On n\u2019y parle pas, on respire \u00e0 peine.<\/p>\n<p class=\"ds-markdown-paragraph\"><img loading=\"lazy\" decoding=\"async\" class=\"alignright wp-image-1097 size-thumbnail\" src=\"https:\/\/lpctour.fr\/2025\/td\/hafssa\/wp-content\/uploads\/2023\/10\/Libraries-150x150.jpg\" alt=\"\" width=\"150\" height=\"150\">L\u2019apr\u00e8s-midi, je me perds dans la Vieille Ville, mais \u00e9vite l\u2019horloge astronomique. Je pr\u00e9f\u00e8re monter \u00e0 la biblioth\u00e8que du Clementinum, voir la salle baroque aux globes anciens, et rester un moment dans le silence.<\/p>\n<p class=\"ds-markdown-paragraph\">Soir au&nbsp;Caf\u00e9 Slavia, face \u00e0 la Vltava. Un verre de vin blanc, un carnet, et le fleuve qui coule comme une phrase inachev\u00e9e.<\/p>\n<h4 class=\"ds-markdown-paragraph\" style=\"text-align: center;\"><strong>Le ch\u00e2teau et les jardins<\/strong><\/h4>\n<p class=\"ds-markdown-paragraph\">Je monte \u00e0 Hrad\u010dany t\u00f4t, pas pour la foule, mais pour les jardins en contrebas \u2014 les jardins du Ch\u00e2teau, vides le matin, avec vue sur les toits rouges.<br \/>\nJe m\u2019assois, je relis un passage de&nbsp;<em>La M\u00e9tamorphose<\/em>, et je regarde Prague s\u2019\u00e9tendre, labyrinthique, belle et un peu triste.<\/p>\n<p class=\"ds-markdown-paragraph\">L\u2019apr\u00e8s-midi, derni\u00e8re fl\u00e2nerie dans&nbsp;les passages de la Nouvelle Ville, une librairie d\u2019occasion, un th\u00e9 dans un salon cach\u00e9.<br \/>\nLe soir, dernier repas pr\u00e8s de la rivi\u00e8re, avec l\u2019impression que Prague ne se livre jamais compl\u00e8tement \u2014 elle reste un r\u00eave \u00e0 demi effac\u00e9.<\/p>\n<h3 style=\"text-align: center;\"><strong>Vienne, <\/strong>caf\u00e9s historiques, parcs et fant\u00f4mes d\u2019empire<\/h3>\n<p><img loading=\"lazy\" decoding=\"async\" class=\"aligncenter wp-image-777 size-full\" src=\"https:\/\/lpctour.fr\/2025\/td\/hafssa\/wp-content\/uploads\/2023\/10\/Vienne-_-Lonely-Planet.jpg\" alt=\"\" width=\"736\" height=\"476\" srcset=\"https:\/\/lpctour.fr\/2025\/td\/hafssa\/wp-content\/uploads\/2023\/10\/Vienne-_-Lonely-Planet.jpg 736w, https:\/\/lpctour.fr\/2025\/td\/hafssa\/wp-content\/uploads\/2023\/10\/Vienne-_-Lonely-Planet-300x194.jpg 300w\" sizes=\"auto, (max-width: 736px) 100vw, 736px\" \/><\/p>\n<h5><span style=\"color: #808080;\">Jours 4 \u00e0 6&nbsp;<\/span><\/h5>\n<h4 class=\"ds-markdown-paragraph\" style=\"text-align: center;\"><strong>Train pour Vienne, arriv\u00e9e dans l\u2019apr\u00e8s-midi<\/strong><\/h4>\n<p class=\"ds-markdown-paragraph\">On s\u2019installe dans le 7e arrondissement, pr\u00e8s du Mus\u00e9e des arts appliqu\u00e9s. Premi\u00e8re immersion : le Caf\u00e9 Central, pour le cadre plus que pour la foule. Vo\u00fbtes hautes, journaux sur des pr\u00e9sentoirs, taches de lumi\u00e8re sur les tables de marbre.<br \/>\nJe lis Stefan Zweig (<em>Le Monde d\u2019hier<\/em>) et je sens le poids de la nostalgie, l\u2019ombre de l\u2019empire disparu.<\/p>\n<p class=\"ds-markdown-paragraph\">Soir\u00e9e douce, balade jusqu\u2019au&nbsp;Palais du Belv\u00e9d\u00e8re, \u00e9clair\u00e9, puis d\u00eener dans une&nbsp;<em>Beisl<\/em>&nbsp;du quartier.<\/p>\n<h4 class=\"ds-markdown-paragraph\" style=\"text-align: center;\"><strong>Les strates du temps<\/strong><\/h4>\n<p class=\"ds-markdown-paragraph\">Matin au Cimeti\u00e8re central (Zentralfriedhof),&nbsp; non pour les c\u00e9l\u00e9brit\u00e9s, mais pour l\u2019all\u00e9e des \u00e9crivains. Schnitzler, Altenberg\u2026 Les tombes sont simples, sous les arbres. Le vent fait tomber des feuilles jaunes sur les pages de mon carnet.<\/p>\n<p class=\"ds-markdown-paragraph\">Ensuite, je vais au&nbsp;Mus\u00e9e litt\u00e9raire&nbsp;de la Biblioth\u00e8que nationale, petit, intime, d\u00e9di\u00e9 \u00e0 Arthur Schnitzler et \u00e0 la Vienne fin-de-si\u00e8cle.<\/p>\n<p class=\"ds-markdown-paragraph\">L\u2019apr\u00e8s-midi, je marche dans le&nbsp;1er arrondissement, passages couverts, librairies d\u2019occasion. Arr\u00eat au&nbsp;Caf\u00e9 Hawelka, plus authentique, vieilli, plein d\u2019\u00e2me. Un&nbsp;<em>Buchteln<\/em>&nbsp;chaud, un livre de Joseph Roth.<\/p>\n<p class=\"ds-markdown-paragraph\"><img loading=\"lazy\" decoding=\"async\" class=\"wp-image-1098 size-thumbnail alignright\" src=\"https:\/\/lpctour.fr\/2025\/td\/hafssa\/wp-content\/uploads\/2023\/10\/ab58809a6a7bfd0cb26501caa5c7bed4-150x150.jpg\" alt=\"\" width=\"150\" height=\"150\">Le Soir, je profite d&rsquo;un concert dans une petite salle du Musikverein, pour entendre Vienne vibrer autrement.<\/p>\n<h4 class=\"ds-markdown-paragraph\" style=\"text-align: center;\"><strong>Hundertwasser et le Danube<\/strong><\/h4>\n<p class=\"ds-markdown-paragraph\">Je vais voir la Hundertwasserhaus, folle, color\u00e9e, organique \u2014 un antidote au classicisme viennois.<br \/>\nPuis je prends le tram jusqu\u2019au&nbsp;Danube, je marche sur les berges, je m\u2019assois avec&nbsp;<em>La Marche de Radetzky<\/em>.<\/p>\n<p class=\"ds-markdown-paragraph\">Dernier soir \u00e0 Vienne, d\u00eener pr\u00e8s du&nbsp;Naschmarkt, ambiance vivante, \u00e9pices, m\u00e9langes.<br \/>\nVienne est comme un livre dont les pages sont en velours : doux, us\u00e9, pr\u00e9cieux.<\/p>\n<h3 style=\"text-align: center;\"><strong>Munich, l<\/strong>ivres et l&rsquo;Isar<\/h3>\n<p><img loading=\"lazy\" decoding=\"async\" class=\"aligncenter wp-image-776 size-full\" src=\"https:\/\/lpctour.fr\/2025\/td\/hafssa\/wp-content\/uploads\/2023\/10\/As-Principais-Cidades-da-Baviera-na-Alemanha.jpg\" alt=\"\" width=\"735\" height=\"420\" srcset=\"https:\/\/lpctour.fr\/2025\/td\/hafssa\/wp-content\/uploads\/2023\/10\/As-Principais-Cidades-da-Baviera-na-Alemanha.jpg 735w, https:\/\/lpctour.fr\/2025\/td\/hafssa\/wp-content\/uploads\/2023\/10\/As-Principais-Cidades-da-Baviera-na-Alemanha-300x171.jpg 300w\" sizes=\"auto, (max-width: 735px) 100vw, 735px\" \/><\/p>\n<h5><span style=\"color: #808080;\">Jours 7 \u00e0 8<\/span><\/h5>\n<h4 class=\"ds-markdown-paragraph\" style=\"text-align: center;\"><strong>&nbsp;Train pour Munich, installation pr\u00e8s de l\u2019Isar<\/strong><\/h4>\n<p class=\"ds-markdown-paragraph\">On arrive en d\u00e9but d\u2019apr\u00e8s-midi. Premi\u00e8re balade dans le Vieux Munich, sans entrer \u00e0 la Hofbr\u00e4uhaus , je pr\u00e9f\u00e8re longer l\u2019Isar, voir l\u2019eau verte et rapide.<\/p>\n<p class=\"ds-markdown-paragraph\">Soir dans un&nbsp;Biergarten&nbsp;tranquille, sous les marronniers. Je lis Thomas Mann (<em>Les Buddenbrook<\/em>) et je sens d\u00e9j\u00e0 une autre Allemagne, plus m\u00e9ridionale, enracin\u00e9e.<\/p>\n<h4 class=\"ds-markdown-paragraph\" style=\"text-align: center;\"><strong>&nbsp;La ville litt\u00e9raire<\/strong><\/h4>\n<p class=\"ds-markdown-paragraph\">Matin au Caf\u00e9 Luitpold, marbr\u00e9, historique, \u00e9l\u00e9gant. Je prends un petit-d\u00e9jeuner et j\u2019\u00e9cris quelques lignes.<br \/>\nPuis visite de la&nbsp;Bayerische Staatsbibliothek, juste pour le hall et l\u2019atmosph\u00e8re studieuse.<\/p>\n<p class=\"ds-markdown-paragraph\">L\u2019apr\u00e8s-midi, je vais \u00e0&nbsp;l\u2019Englischer Garten, je marche jusqu\u2019\u00e0 la&nbsp;Chinesischer Turm, je m\u2019assois pr\u00e8s de l\u2019eau. Je sors&nbsp;<em>Tonio Kr\u00f6ger<\/em>, je lis quelques pages, je regarde les surfeurs sur la rivi\u00e8re artificielle.<\/p>\n<p class=\"ds-markdown-paragraph\">Soir dans&nbsp;Schwabing, l\u2019ancien quartier des artistes. Petite librairie, d\u00eener dans un restaurant calme.<br \/>\nMunich est douce, verte, presque italienne, une respiration entre Vienne et Berlin.<\/p>\n<h3 style=\"text-align: center;\"><strong>Berlin, <\/strong>m\u00e9moire, street art et libert\u00e9<\/h3>\n<p><img loading=\"lazy\" decoding=\"async\" class=\"aligncenter wp-image-778 size-full\" src=\"https:\/\/lpctour.fr\/2025\/td\/hafssa\/wp-content\/uploads\/2023\/10\/telechargement-10.jpg\" alt=\"\" width=\"735\" height=\"490\" srcset=\"https:\/\/lpctour.fr\/2025\/td\/hafssa\/wp-content\/uploads\/2023\/10\/telechargement-10.jpg 735w, https:\/\/lpctour.fr\/2025\/td\/hafssa\/wp-content\/uploads\/2023\/10\/telechargement-10-300x200.jpg 300w\" sizes=\"auto, (max-width: 735px) 100vw, 735px\" \/><\/p>\n<h5><span style=\"color: #808080;\">Jours 9 \u00e0 10<\/span><\/h5>\n<h4 class=\"ds-markdown-paragraph\" style=\"text-align: center;\"><strong>Train pour Berlin, arriv\u00e9e \u00e0 Mitte<\/strong><\/h4>\n<p class=\"ds-markdown-paragraph\">L\u2019\u00e9nergie change imm\u00e9diatement, plus \u00e9lectrique, plus d\u00e9cousue, plus libre.<br \/>\nOn s\u2019installe pr\u00e8s de l\u2019\u00eele aux mus\u00e9es, on pose les sacs, on sort marcher sans but.<\/p>\n<p class=\"ds-markdown-paragraph\">Soir le long de&nbsp;l\u2019East Side Gallery, morceaux du Mur couverts de peintures. Je lis&nbsp;<em>Berlin Alexanderplatz<\/em>&nbsp;en \u00e9cho, la ville de D\u00f6blin, dure et vibrante.<\/p>\n<h4 class=\"ds-markdown-paragraph\" style=\"text-align: center;\"><strong>Les deux Berlin<\/strong><\/h4>\n<p class=\"ds-markdown-paragraph\">Matin \u00e0&nbsp;Prenzlauer Berg, caf\u00e9s branch\u00e9s, librairies ind\u00e9pendantes. Je d\u00e9jeune dans un caf\u00e9-librairie, je feuillette des romans de la RDA.<\/p>\n<p class=\"ds-markdown-paragraph\">L\u2019apr\u00e8s-midi, je vais au&nbsp;M\u00e9morial de l\u2019Holocauste, puis \u00e0 la&nbsp;Bebelplatz&nbsp;\u2014 la plaque de la \u00ab biblioth\u00e8que engloutie \u00bb o\u00f9 les nazis br\u00fbl\u00e8rent les livres. Un silence lourd.<\/p>\n<p class=\"ds-markdown-paragraph\">Pour respirer, je termine \u00e0&nbsp;Tempelhofer Feld, l\u2019ancien a\u00e9roport transform\u00e9 en parc immense. Je marche sur les pistes, le vent souffle fort, le ciel est immense.<br \/>\nJe m\u2019assois, je sors mon carnet, et j\u2019\u00e9cris quelques mots sur ces dix jours.<\/p>\n<p class=\"ds-markdown-paragraph\">Berlin ne conclut pas, elle ouvre,&nbsp;une ville en devenir, toujours en train de s\u2019\u00e9crire.<\/p>\n<p>&nbsp;<\/p>\n<p class=\"ds-markdown-paragraph\">Quatre villes, quatre rythmes, une seule ligne continue : des trains entre chaque chapitre, des caf\u00e9s comme des parenth\u00e8ses, des livres comme des compagnons de route.<\/p>\n<p class=\"ds-markdown-paragraph\">Prague la nostalgique, Vienne l\u2019\u00e9l\u00e9giaque, Munich la sereine, Berlin la fractur\u00e9e.<br \/>\nChaque ville \u00e9tait un livre diff\u00e9rent, une ambiance \u00e0 habiter lentement, sans se presser de tourner la page.<\/p>\n","protected":false},"excerpt":{"rendered":"<p>Quatre villes, quatre rythmes \u00c0 travers ces villes, je ne voyageais pas d\u2019un point \u00e0 un autre, mais d\u2019une atmosph\u00e8re \u00e0 une autre. Quatre capitales, quatre tonalit\u00e9s d\u2019Europe centrale, reli\u00e9es par le train, le papier et le temps suspendu. Pas de programme, seulement des envies : un caf\u00e9 historique, un banc dans un jardin, une [&hellip;]<\/p>\n","protected":false},"author":1,"featured_media":1006,"comment_status":"open","ping_status":"open","sticky":false,"template":"","format":"standard","meta":{"ngg_post_thumbnail":0,"footnotes":""},"categories":[9],"tags":[],"class_list":["post-68","post","type-post","status-publish","format-standard","has-post-thumbnail","hentry","category-voyage-dans-le-monde"],"_links":{"self":[{"href":"https:\/\/lpctour.fr\/2025\/td\/hafssa\/wp-json\/wp\/v2\/posts\/68","targetHints":{"allow":["GET"]}}],"collection":[{"href":"https:\/\/lpctour.fr\/2025\/td\/hafssa\/wp-json\/wp\/v2\/posts"}],"about":[{"href":"https:\/\/lpctour.fr\/2025\/td\/hafssa\/wp-json\/wp\/v2\/types\/post"}],"author":[{"embeddable":true,"href":"https:\/\/lpctour.fr\/2025\/td\/hafssa\/wp-json\/wp\/v2\/users\/1"}],"replies":[{"embeddable":true,"href":"https:\/\/lpctour.fr\/2025\/td\/hafssa\/wp-json\/wp\/v2\/comments?post=68"}],"version-history":[{"count":5,"href":"https:\/\/lpctour.fr\/2025\/td\/hafssa\/wp-json\/wp\/v2\/posts\/68\/revisions"}],"predecessor-version":[{"id":1100,"href":"https:\/\/lpctour.fr\/2025\/td\/hafssa\/wp-json\/wp\/v2\/posts\/68\/revisions\/1100"}],"wp:featuredmedia":[{"embeddable":true,"href":"https:\/\/lpctour.fr\/2025\/td\/hafssa\/wp-json\/wp\/v2\/media\/1006"}],"wp:attachment":[{"href":"https:\/\/lpctour.fr\/2025\/td\/hafssa\/wp-json\/wp\/v2\/media?parent=68"}],"wp:term":[{"taxonomy":"category","embeddable":true,"href":"https:\/\/lpctour.fr\/2025\/td\/hafssa\/wp-json\/wp\/v2\/categories?post=68"},{"taxonomy":"post_tag","embeddable":true,"href":"https:\/\/lpctour.fr\/2025\/td\/hafssa\/wp-json\/wp\/v2\/tags?post=68"}],"curies":[{"name":"wp","href":"https:\/\/api.w.org\/{rel}","templated":true}]}}