{"id":962,"date":"2024-07-03T22:15:28","date_gmt":"2024-07-03T20:15:28","guid":{"rendered":"https:\/\/lpctour.fr\/2025\/td\/hafssa\/?p=962"},"modified":"2026-01-08T23:40:04","modified_gmt":"2026-01-08T22:40:04","slug":"vienne-bienvenue-chez-les-auteurs-au-cafe-central","status":"publish","type":"post","link":"https:\/\/lpctour.fr\/2025\/td\/hafssa\/vienne-bienvenue-chez-les-auteurs-au-cafe-central\/","title":{"rendered":"Vienne : Bienvenue chez les auteurs au Caf\u00e9 Central"},"content":{"rendered":"<p><img loading=\"lazy\" decoding=\"async\" class=\"aligncenter wp-image-965 size-full\" src=\"https:\/\/lpctour.fr\/2025\/td\/hafssa\/wp-content\/uploads\/2026\/01\/CAFE-CENTRAL.jpg\" alt=\"\" width=\"1500\" height=\"430\" srcset=\"https:\/\/lpctour.fr\/2025\/td\/hafssa\/wp-content\/uploads\/2026\/01\/CAFE-CENTRAL.jpg 1500w, https:\/\/lpctour.fr\/2025\/td\/hafssa\/wp-content\/uploads\/2026\/01\/CAFE-CENTRAL-300x86.jpg 300w, https:\/\/lpctour.fr\/2025\/td\/hafssa\/wp-content\/uploads\/2026\/01\/CAFE-CENTRAL-1024x294.jpg 1024w, https:\/\/lpctour.fr\/2025\/td\/hafssa\/wp-content\/uploads\/2026\/01\/CAFE-CENTRAL-768x220.jpg 768w\" sizes=\"auto, (max-width: 1500px) 100vw, 1500px\" \/><\/p>\n<p><span style=\"font-weight: 400;\">S\u2019il existe un lieu au monde o\u00f9 la litt\u00e9rature ne se lit pas seulement dans les livres, mais se respire avec l\u2019odeur du caf\u00e9, c\u2019est au Caf\u00e9 Central de Vienne.<\/span><\/p>\n<p><span style=\"font-weight: 400;\">D\u00e8s que l\u2019on pousse la porte, on ne rentre pas dans un simple salon de th\u00e9, on entre dans l\u2019Histoire. Sous les vo\u00fbtes majestueuses et les arches n\u00e9o-renaissance, l&rsquo;agitation de la ville s&rsquo;arr\u00eate. On est imm\u00e9diatement accueilli par une statue de Peter Altenberg, assis \u00e0 sa table favorite. Ce n&rsquo;est pas un hasard : cet \u00e9crivain aimait tellement le Central qu&rsquo;il y faisait livrer son courrier et y faisait m\u00eame laver son linge ! Pour lui, comme pour tant d&rsquo;autres, ce caf\u00e9 n&rsquo;\u00e9tait pas une \u00e9tape, c&rsquo;\u00e9tait une adresse permanente.<\/span><\/p>\n<h3><span style=\"color: #993366;\"><em><b>La Litt\u00e9rature de Caf\u00e9<\/b><\/em><\/span><\/h3>\n<p><span style=\"font-weight: 400;\">\u00c0 la fin du XIXe si\u00e8cle, Vienne \u00e9tait le centre du monde intellectuel. On venait au Central pour refaire le monde. Imaginez Stefan Zweig, Arthur Schnitzler, et m\u00eame Sigmund Freud ou encore L\u00e9on Trotski et Staline (qui fr\u00e9quentaient les lieux \u00e0 la m\u00eame p\u00e9riode en 1913 !) d\u00e9battre pendant des heures sur ces banquettes de velours rouge, entour\u00e9s de journaux mont\u00e9s sur des baguettes de bois.<\/span><\/p>\n<p><span style=\"font-weight: 400;\">C&rsquo;est ici qu&rsquo;est n\u00e9e cette atmosph\u00e8re si particuli\u00e8re : on pouvait commander un seul caf\u00e9 (le fameux <\/span><i><span style=\"font-weight: 400;\">Wiener Melange<\/span><\/i><span style=\"font-weight: 400;\">) et rester assis toute la journ\u00e9e pour \u00e9crire, lire ou simplement observer les passants sans que personne ne vous demande de partir.<\/span><\/p>\n<h3><span style=\"color: #993366;\"><em><b>Mon exp\u00e9rience sur place<\/b><\/em><\/span><\/h3>\n<p><span style=\"font-weight: 400;\"><img loading=\"lazy\" decoding=\"async\" class=\"alignleft wp-image-963 size-medium\" src=\"https:\/\/lpctour.fr\/2025\/td\/hafssa\/wp-content\/uploads\/2026\/01\/cafe-central-vienna-austria-v0-d79egkk2qv1e1-225x300.webp\" alt=\"\" width=\"225\" height=\"300\" srcset=\"https:\/\/lpctour.fr\/2025\/td\/hafssa\/wp-content\/uploads\/2026\/01\/cafe-central-vienna-austria-v0-d79egkk2qv1e1-225x300.webp 225w, https:\/\/lpctour.fr\/2025\/td\/hafssa\/wp-content\/uploads\/2026\/01\/cafe-central-vienna-austria-v0-d79egkk2qv1e1-768x1024.webp 768w, https:\/\/lpctour.fr\/2025\/td\/hafssa\/wp-content\/uploads\/2026\/01\/cafe-central-vienna-austria-v0-d79egkk2qv1e1-1152x1536.webp 1152w, https:\/\/lpctour.fr\/2025\/td\/hafssa\/wp-content\/uploads\/2026\/01\/cafe-central-vienna-austria-v0-d79egkk2qv1e1-1536x2048.webp 1536w, https:\/\/lpctour.fr\/2025\/td\/hafssa\/wp-content\/uploads\/2026\/01\/cafe-central-vienna-austria-v0-d79egkk2qv1e1-scaled.webp 1920w\" sizes=\"auto, (max-width: 225px) 100vw, 225px\" \/>Ce qui me fascine au Caf\u00e9 Central, c&rsquo;est ce m\u00e9lange parfait entre le luxe imp\u00e9rial et la simplicit\u00e9 du lecteur solitaire. Le bruit des tasses, le murmure des conversations et le pianiste qui joue en fin d&rsquo;apr\u00e8s-midi cr\u00e9ent une bulle hors du temps.<\/span><\/p>\n<p><span style=\"font-weight: 400;\">M\u00eame si le lieu est aujourd&rsquo;hui tr\u00e8s pris\u00e9 des voyageurs, il garde son \u00e2me. On s&rsquo;assoit, on commande un Apfelstrudel (le meilleur de la ville, promis !) et on se sent soudainement l&rsquo;envie de sortir un carnet pour noter quelques lignes.<\/span><\/p>\n<h3><span style=\"color: #993366;\"><em><b>Carnet de voyage : Infos pratiques<\/b><\/em><\/span><\/h3>\n<ul>\n<li style=\"font-weight: 400;\" aria-level=\"1\"><b>O\u00f9 le trouver ?<\/b><span style=\"font-weight: 400;\"> Herrengasse 14, en plein c\u0153ur du centre historique de Vienne.<\/span><\/li>\n<li style=\"font-weight: 400;\" aria-level=\"1\"><b>La gourmandise \u00e0 ne pas manquer :<\/b><span style=\"font-weight: 400;\"> La p\u00e2tisserie \u00ab\u00a0Caf\u00e9 Central\u00a0\u00bb ou une part de Sacher Torte pour les amateurs de chocolat.<\/span><\/li>\n<li style=\"font-weight: 400;\" aria-level=\"1\"><b>Le conseil de lecture :<\/b><span style=\"font-weight: 400;\"> Glissez <\/span><i><span style=\"font-weight: 400;\">Le Monde d&rsquo;hier<\/span><\/i><span style=\"font-weight: 400;\"> de Stefan Zweig dans votre sac. Il y d\u00e9crit merveilleusement cette \u00e9poque o\u00f9 les caf\u00e9s viennois \u00e9taient les \u00ab\u00a0meilleures \u00e9coles de tout ce qui est nouveau\u00a0\u00bb.<\/span><\/li>\n<li style=\"font-weight: 400;\" aria-level=\"1\"><b>Astuce :<\/b><span style=\"font-weight: 400;\"> Essayez d&rsquo;y aller d\u00e8s l&rsquo;ouverture (07h30) pour profiter du calme absolu sous les vo\u00fbtes avant l&rsquo;arriv\u00e9e de la foule.<\/span><\/li>\n<\/ul>\n<p><img loading=\"lazy\" decoding=\"async\" class=\"aligncenter wp-image-964 size-medium\" src=\"https:\/\/lpctour.fr\/2025\/td\/hafssa\/wp-content\/uploads\/2026\/01\/cafe_central-300x152.jpg\" alt=\"\" width=\"300\" height=\"152\" srcset=\"https:\/\/lpctour.fr\/2025\/td\/hafssa\/wp-content\/uploads\/2026\/01\/cafe_central-300x152.jpg 300w, https:\/\/lpctour.fr\/2025\/td\/hafssa\/wp-content\/uploads\/2026\/01\/cafe_central.jpg 663w\" sizes=\"auto, (max-width: 300px) 100vw, 300px\" \/><\/p>\n<p><span style=\"font-weight: 400;\">Passer une heure au Caf\u00e9 Central, c\u2019est r\u00e9aliser que les plus grands chefs-d&rsquo;\u0153uvre de la litt\u00e9rature europ\u00e9enne ne sont pas n\u00e9s dans des bureaux isol\u00e9s, mais dans le brouhaha joyeux d&rsquo;un caf\u00e9 viennois.<\/span><\/p>\n","protected":false},"excerpt":{"rendered":"<p>S\u2019il existe un lieu au monde o\u00f9 la litt\u00e9rature ne se lit pas seulement dans les livres, mais se respire avec l\u2019odeur du caf\u00e9, c\u2019est au Caf\u00e9 Central de Vienne. D\u00e8s que l\u2019on pousse la porte, on ne rentre pas dans un simple salon de th\u00e9, on entre dans l\u2019Histoire. Sous les vo\u00fbtes majestueuses et [&hellip;]<\/p>\n","protected":false},"author":1,"featured_media":0,"comment_status":"open","ping_status":"open","sticky":false,"template":"","format":"standard","meta":{"ngg_post_thumbnail":0,"footnotes":""},"categories":[8],"tags":[],"class_list":["post-962","post","type-post","status-publish","format-standard","hentry","category-articles-de-blogs"],"_links":{"self":[{"href":"https:\/\/lpctour.fr\/2025\/td\/hafssa\/wp-json\/wp\/v2\/posts\/962","targetHints":{"allow":["GET"]}}],"collection":[{"href":"https:\/\/lpctour.fr\/2025\/td\/hafssa\/wp-json\/wp\/v2\/posts"}],"about":[{"href":"https:\/\/lpctour.fr\/2025\/td\/hafssa\/wp-json\/wp\/v2\/types\/post"}],"author":[{"embeddable":true,"href":"https:\/\/lpctour.fr\/2025\/td\/hafssa\/wp-json\/wp\/v2\/users\/1"}],"replies":[{"embeddable":true,"href":"https:\/\/lpctour.fr\/2025\/td\/hafssa\/wp-json\/wp\/v2\/comments?post=962"}],"version-history":[{"count":4,"href":"https:\/\/lpctour.fr\/2025\/td\/hafssa\/wp-json\/wp\/v2\/posts\/962\/revisions"}],"predecessor-version":[{"id":968,"href":"https:\/\/lpctour.fr\/2025\/td\/hafssa\/wp-json\/wp\/v2\/posts\/962\/revisions\/968"}],"wp:attachment":[{"href":"https:\/\/lpctour.fr\/2025\/td\/hafssa\/wp-json\/wp\/v2\/media?parent=962"}],"wp:term":[{"taxonomy":"category","embeddable":true,"href":"https:\/\/lpctour.fr\/2025\/td\/hafssa\/wp-json\/wp\/v2\/categories?post=962"},{"taxonomy":"post_tag","embeddable":true,"href":"https:\/\/lpctour.fr\/2025\/td\/hafssa\/wp-json\/wp\/v2\/tags?post=962"}],"curies":[{"name":"wp","href":"https:\/\/api.w.org\/{rel}","templated":true}]}}