{"id":238,"date":"2026-01-07T14:12:37","date_gmt":"2026-01-07T13:12:37","guid":{"rendered":"https:\/\/lpctour.fr\/2025\/td\/julie\/?p=238"},"modified":"2026-01-11T18:34:36","modified_gmt":"2026-01-11T17:34:36","slug":"formalites-administratives-et-sanitaires","status":"publish","type":"post","link":"https:\/\/lpctour.fr\/2025\/td\/julie\/2026\/01\/07\/formalites-administratives-et-sanitaires\/","title":{"rendered":"Formalit\u00e9s administratives et sanitaires"},"content":{"rendered":"<p style=\"text-align: center;\"><span style=\"font-size: 18pt; color: #ff3636;\"><strong><span style=\"font-family: arial, helvetica, sans-serif;\"> Formalit\u00e9s administratives<\/span><\/strong><\/span><\/p>\n<p><span style=\"color: #000000; font-family: arial, helvetica, sans-serif;\">Pour voyager au P\u00e9rou, vous avez besoin d&rsquo;un <strong>passeport valide au mois 6 mois<\/strong> \u00e0 compter de l&rsquo;arriv\u00e9e sur le territoire p\u00e9ruvien.\u00a0<\/span><\/p>\n<p><span style=\"color: #000000; font-family: arial, helvetica, sans-serif;\">Pour un s\u00e9jour inf\u00e9rieur \u00e0 3 mois, <strong>le visa<\/strong> n&rsquo;est pas exig\u00e9.\u00a0<\/span><\/p>\n<p><span style=\"color: #000000; font-family: arial, helvetica, sans-serif;\">Si vous comptez louer une voiture sur place, <strong>un permis de conduire international<\/strong> est obligatoire.\u00a0<\/span><\/p>\n<p><span style=\"color: #000000; font-family: arial, helvetica, sans-serif;\">Pour plus d&rsquo;informations sur les conditions d&rsquo;entr\u00e9e sur le territoire p\u00e9ruvien, n&rsquo;h\u00e9sitez pas \u00e0 consulter avant votre d\u00e9part le site officiel : <\/span><strong><span style=\"font-family: arial, helvetica, sans-serif; color: #3b28e0;\"><a style=\"color: #3b28e0;\" href=\"https:\/\/www.diplomatie.gouv.fr\/fr\/\" target=\"_blank\" rel=\"noopener\">Diplomatie.gouv<\/a><\/span><\/strong><\/p>\n<p>&nbsp;<\/p>\n<p><img loading=\"lazy\" decoding=\"async\" class=\"aligncenter size-medium wp-image-282\" src=\"https:\/\/lpctour.fr\/2025\/td\/julie\/wp-content\/uploads\/2026\/01\/passeport-et-carte-identite-300x225.png\" alt=\"\" width=\"300\" height=\"225\" srcset=\"https:\/\/lpctour.fr\/2025\/td\/julie\/wp-content\/uploads\/2026\/01\/passeport-et-carte-identite-300x225.png 300w, https:\/\/lpctour.fr\/2025\/td\/julie\/wp-content\/uploads\/2026\/01\/passeport-et-carte-identite-768x576.png 768w, https:\/\/lpctour.fr\/2025\/td\/julie\/wp-content\/uploads\/2026\/01\/passeport-et-carte-identite.png 924w\" sizes=\"auto, (max-width: 300px) 100vw, 300px\" \/><\/p>\n<p>&nbsp;<\/p>\n<p style=\"text-align: center;\"><span style=\"font-size: 18pt; color: #ff3636;\"><strong><span style=\"font-family: arial, helvetica, sans-serif;\">Formalit\u00e9s sanitaires<\/span><\/strong><\/span><\/p>\n<p><span style=\"font-family: arial, helvetica, sans-serif; color: #000000;\">Au P\u00e9rou, le <strong>vaccin contre la fi\u00e8vre jaune<\/strong> est<strong> obligatoire<\/strong> si vous allez en <strong>Amazonie<\/strong>, sinon pour le reste du P\u00e9rou aucun vaccin n&rsquo;est obligatoire.\u00a0<\/span><\/p>\n<p><span style=\"color: #000000; font-family: arial, helvetica, sans-serif;\">Cependant, il est vivement recommand\u00e9 de disposer d&rsquo;un <strong>contrat d&rsquo;assistance<\/strong> ou d&rsquo;une <strong>assurance<\/strong> permettant de couvrir tous les frais m\u00e9dicaux (chirurgie, hospitalisation&#8230;) et de rapatriement, au risque de ne pas avoir acc\u00e8s aux soins, y compris en cas d&rsquo;urgence vitale.\u00a0<\/span><\/p>\n<p><span style=\"color: #000000; font-family: arial, helvetica, sans-serif;\"><strong>Conseil<\/strong> : n&rsquo;oubliez pas d&#8217;emporter avec vous, <strong>un anti-moustique<\/strong>.<\/span><\/p>\n<p><span style=\"color: #000000; font-family: arial, helvetica, sans-serif;\">Pour plus d&rsquo;informations sur les formalit\u00e9s sanitaires au P\u00e9rou, n&rsquo;h\u00e9sitez pas \u00e0 consulter, avant votre d\u00e9part,<\/span><strong><span style=\"font-family: arial, helvetica, sans-serif; color: #3b28e0;\"> <a style=\"color: #3b28e0;\" href=\"https:\/\/www.pasteur.fr\/fr\/centre-medical\/preparer-son-voyage\/perou\" target=\"_blank\" rel=\"noopener\">l&rsquo;Institut Pasteur<\/a><\/span><\/strong><\/p>\n<p><img loading=\"lazy\" decoding=\"async\" class=\"aligncenter wp-image-281\" src=\"https:\/\/lpctour.fr\/2025\/td\/julie\/wp-content\/uploads\/2026\/01\/logo-pharmacie-300x300.jpg\" alt=\"\" width=\"210\" height=\"210\" srcset=\"https:\/\/lpctour.fr\/2025\/td\/julie\/wp-content\/uploads\/2026\/01\/logo-pharmacie-300x300.jpg 300w, https:\/\/lpctour.fr\/2025\/td\/julie\/wp-content\/uploads\/2026\/01\/logo-pharmacie-150x150.jpg 150w, https:\/\/lpctour.fr\/2025\/td\/julie\/wp-content\/uploads\/2026\/01\/logo-pharmacie.jpg 360w\" sizes=\"auto, (max-width: 210px) 100vw, 210px\" \/><\/p>\n","protected":false},"excerpt":{"rendered":"<p>Formalit\u00e9s administratives Pour voyager au P\u00e9rou, vous avez besoin d&rsquo;un passeport valide au mois 6 mois \u00e0 compter de l&rsquo;arriv\u00e9e sur le territoire p\u00e9ruvien.\u00a0 Pour un s\u00e9jour inf\u00e9rieur \u00e0 3 mois, le visa n&rsquo;est pas exig\u00e9.\u00a0 Si vous comptez louer une voiture sur place, un permis de conduire international est obligatoire.\u00a0 Pour plus d&rsquo;informations sur &#8230; <span class=\"more\"><a class=\"more-link\" href=\"https:\/\/lpctour.fr\/2025\/td\/julie\/2026\/01\/07\/formalites-administratives-et-sanitaires\/\">[Read more&#8230;]<\/a><\/span><\/p>\n","protected":false},"author":1,"featured_media":390,"comment_status":"closed","ping_status":"closed","sticky":false,"template":"","format":"standard","meta":{"footnotes":""},"categories":[1],"tags":[],"class_list":{"0":"entry","1":"post","2":"publish","3":"author-julie_merlier","4":"post-238","6":"format-standard","7":"has-post-thumbnail","8":"category-non-classe"},"_links":{"self":[{"href":"https:\/\/lpctour.fr\/2025\/td\/julie\/wp-json\/wp\/v2\/posts\/238","targetHints":{"allow":["GET"]}}],"collection":[{"href":"https:\/\/lpctour.fr\/2025\/td\/julie\/wp-json\/wp\/v2\/posts"}],"about":[{"href":"https:\/\/lpctour.fr\/2025\/td\/julie\/wp-json\/wp\/v2\/types\/post"}],"author":[{"embeddable":true,"href":"https:\/\/lpctour.fr\/2025\/td\/julie\/wp-json\/wp\/v2\/users\/1"}],"replies":[{"embeddable":true,"href":"https:\/\/lpctour.fr\/2025\/td\/julie\/wp-json\/wp\/v2\/comments?post=238"}],"version-history":[{"count":10,"href":"https:\/\/lpctour.fr\/2025\/td\/julie\/wp-json\/wp\/v2\/posts\/238\/revisions"}],"predecessor-version":[{"id":604,"href":"https:\/\/lpctour.fr\/2025\/td\/julie\/wp-json\/wp\/v2\/posts\/238\/revisions\/604"}],"wp:featuredmedia":[{"embeddable":true,"href":"https:\/\/lpctour.fr\/2025\/td\/julie\/wp-json\/wp\/v2\/media\/390"}],"wp:attachment":[{"href":"https:\/\/lpctour.fr\/2025\/td\/julie\/wp-json\/wp\/v2\/media?parent=238"}],"wp:term":[{"taxonomy":"category","embeddable":true,"href":"https:\/\/lpctour.fr\/2025\/td\/julie\/wp-json\/wp\/v2\/categories?post=238"},{"taxonomy":"post_tag","embeddable":true,"href":"https:\/\/lpctour.fr\/2025\/td\/julie\/wp-json\/wp\/v2\/tags?post=238"}],"curies":[{"name":"wp","href":"https:\/\/api.w.org\/{rel}","templated":true}]}}