{"id":413,"date":"2026-01-09T16:50:13","date_gmt":"2026-01-09T15:50:13","guid":{"rendered":"https:\/\/lpctour.fr\/2025\/td\/julie\/?p=413"},"modified":"2026-01-11T18:32:39","modified_gmt":"2026-01-11T17:32:39","slug":"lieux-emblematiques","status":"publish","type":"post","link":"https:\/\/lpctour.fr\/2025\/td\/julie\/2026\/01\/09\/lieux-emblematiques\/","title":{"rendered":"Lieux embl\u00e9matiques"},"content":{"rendered":"<p style=\"text-align: center;\"><span style=\"font-family: arial, helvetica, sans-serif; color: #000000; font-size: 14pt;\"> Le P\u00e9rou situ\u00e9 sur la c\u00f4te ouest de l&rsquo;Am\u00e9rique du sud, est un pays poss\u00e9dant de nombreux tr\u00e9sors historiques, arch\u00e9ologiques et naturels.\u00a0<\/span><\/p>\n<p style=\"text-align: center;\"><span style=\"font-family: arial, helvetica, sans-serif; color: #000000; font-size: 14pt;\">Des majestueuses montagnes des Andes aux plages sauvages de la c\u00f4te Pacifique, en passant par la for\u00eat Amazonienne luxuriante, le pays regorge d&rsquo;activit\u00e9s et de lieux incontournables.\u00a0<\/span><\/p>\n<p style=\"text-align: center;\"><span style=\"font-family: arial, helvetica, sans-serif; color: #000000; font-size: 14pt;\">Que ce soit des activit\u00e9s sportives, historiques, culturelles, ou au c\u0153ur de la nature, le P\u00e9rou offre une multitude d&rsquo;activit\u00e9s pour tous les go\u00fbts.\u00a0<\/span><\/p>\n<p>&nbsp;<\/p>\n<p style=\"text-align: center;\"><span style=\"font-size: 18pt;\"><strong><span style=\"font-family: arial, helvetica, sans-serif; color: #000000;\">Voici ma s\u00e9lection des 10 lieux incontournables \u00e0 ne surtout pas manquer lors de votre voyage au P\u00e9rou :\u00a0<\/span><\/strong><\/span><\/p>\n<p>&nbsp;<\/p>\n<p style=\"text-align: left;\"><span style=\"font-size: 18pt;\">1\ufe0f\u20e3 <strong><span style=\"font-family: arial, helvetica, sans-serif; font-size: 14pt;\"><span style=\"color: #ff3636; font-size: 18pt;\">Le Machu Picchu\u00a0 \u00a0 \u00a0 \u00a0 \u00a0 \u00a0 \u00a0 <\/span><\/span><\/strong><span style=\"font-family: arial, helvetica, sans-serif; font-size: 14pt;\"><span style=\"color: #ff3636; font-size: 18pt;\">\u00a0<\/span><\/span><\/span><span style=\"font-size: 18pt;\"><span style=\"font-family: arial, helvetica, sans-serif; font-size: 10pt; color: #000000;\"><strong>Symbole du P\u00e9rou<\/strong>, il est l&rsquo;un des sites arch\u00e9ologiques les plus embl\u00e9matiques <img loading=\"lazy\" decoding=\"async\" class=\"size-medium wp-image-497 alignleft\" src=\"https:\/\/lpctour.fr\/2025\/td\/julie\/wp-content\/uploads\/2026\/01\/Machu-Picchu-300x200.jpg\" alt=\"\" width=\"300\" height=\"200\" srcset=\"https:\/\/lpctour.fr\/2025\/td\/julie\/wp-content\/uploads\/2026\/01\/Machu-Picchu-300x200.jpg 300w, https:\/\/lpctour.fr\/2025\/td\/julie\/wp-content\/uploads\/2026\/01\/Machu-Picchu-1024x681.jpg 1024w, https:\/\/lpctour.fr\/2025\/td\/julie\/wp-content\/uploads\/2026\/01\/Machu-Picchu-768x511.jpg 768w, https:\/\/lpctour.fr\/2025\/td\/julie\/wp-content\/uploads\/2026\/01\/Machu-Picchu-1536x1022.jpg 1536w, https:\/\/lpctour.fr\/2025\/td\/julie\/wp-content\/uploads\/2026\/01\/Machu-Picchu-2048x1362.jpg 2048w\" sizes=\"auto, (max-width: 300px) 100vw, 300px\" \/> au monde. Nich\u00e9 \u00e0 2430 m\u00e8tres d&rsquo;altitude dans les montagnes andines, cette ancienne cit\u00e9 inca est un v\u00e9ritable chef-d\u2019\u0153uvre d&rsquo;architecture et d&rsquo;ing\u00e9nierie. Il est class\u00e9 au<strong> Patrimoine Mondial de l&rsquo;Unesco<\/strong> et consid\u00e9r\u00e9 comme l&rsquo;une des <strong>7 Nouvelles Merveilles du Monde<\/strong>.\u00a0<\/span><\/span><\/p>\n<p style=\"text-align: left;\"><span style=\"font-size: 18pt;\">2\ufe0f\u20e3 <span style=\"color: #ff3636;\"><strong><span style=\"font-family: arial, helvetica, sans-serif;\">Lima\u00a0<\/span><\/strong><\/span><\/span><\/p>\n<p><img loading=\"lazy\" decoding=\"async\" class=\"size-medium wp-image-496 alignright\" src=\"https:\/\/lpctour.fr\/2025\/td\/julie\/wp-content\/uploads\/2026\/01\/lima-300x169.webp\" alt=\"\" width=\"300\" height=\"169\" srcset=\"https:\/\/lpctour.fr\/2025\/td\/julie\/wp-content\/uploads\/2026\/01\/lima-300x169.webp 300w, https:\/\/lpctour.fr\/2025\/td\/julie\/wp-content\/uploads\/2026\/01\/lima-1024x576.webp 1024w, https:\/\/lpctour.fr\/2025\/td\/julie\/wp-content\/uploads\/2026\/01\/lima-768x432.webp 768w, https:\/\/lpctour.fr\/2025\/td\/julie\/wp-content\/uploads\/2026\/01\/lima.webp 1300w\" sizes=\"auto, (max-width: 300px) 100vw, 300px\" \/><\/p>\n<p><span style=\"font-size: 18pt;\"><span style=\"color: #ff3636;\"> <span style=\"font-size: 10pt; font-family: arial, helvetica, sans-serif;\"><span style=\"color: #000000;\"><strong>Capitale du P\u00e9rou<\/strong> et porte d&rsquo;entr\u00e9e principale du pays, Lima est une ville fascinante qui m\u00e9lange histoire et modernit\u00e9. Les monuments les plus embl\u00e9matiques de la ville sont : le centre historique qui est class\u00e9 \u00e0 l&rsquo;Unesco, la Plaza Mayor, la cath\u00e9drale et le Monast\u00e8re San Francisco. <\/span><\/span><\/span><\/span><\/p>\n<p><span style=\"color: #ff3636;\"><strong><span style=\"font-size: 18pt; font-family: arial, helvetica, sans-serif;\">3\ufe0f\u20e3 Lac Titicaca<\/span><\/strong><\/span><\/p>\n<p><img loading=\"lazy\" decoding=\"async\" class=\"size-medium wp-image-493 alignleft\" src=\"https:\/\/lpctour.fr\/2025\/td\/julie\/wp-content\/uploads\/2026\/01\/lac-titicaca-300x200.jpeg\" alt=\"\" width=\"300\" height=\"200\" srcset=\"https:\/\/lpctour.fr\/2025\/td\/julie\/wp-content\/uploads\/2026\/01\/lac-titicaca-300x200.jpeg 300w, https:\/\/lpctour.fr\/2025\/td\/julie\/wp-content\/uploads\/2026\/01\/lac-titicaca-768x512.jpeg 768w, https:\/\/lpctour.fr\/2025\/td\/julie\/wp-content\/uploads\/2026\/01\/lac-titicaca.jpeg 1000w\" sizes=\"auto, (max-width: 300px) 100vw, 300px\" \/><\/p>\n<p><span style=\"font-size: 10pt; font-family: arial, helvetica, sans-serif; color: #000000;\">Nich\u00e9 \u00e0 plus de 3800 m\u00e8tres d&rsquo;altitude \u00e0 la fronti\u00e8re entre le P\u00e9rou et la Bolivie, le lac Titicaca est<strong> le plus haut lac navigable du monde<\/strong>. \u00c9tendu sur 190 km, il abrite plus de 40 \u00eeles dont certaines sont habit\u00e9es. Consid\u00e9r\u00e9 comme le berceau de la civilisation inca, le lac est entour\u00e9 de mythes et de l\u00e9gendes.\u00a0<\/span><\/p>\n<p>&nbsp;<\/p>\n<p><span style=\"color: #ff3636;\"><strong><span style=\"font-size: 18pt; font-family: arial, helvetica, sans-serif;\">4\ufe0f\u20e3 Cuzco\u00a0 \u00a0 \u00a0 <img loading=\"lazy\" decoding=\"async\" class=\"size-medium wp-image-491 alignright\" src=\"https:\/\/lpctour.fr\/2025\/td\/julie\/wp-content\/uploads\/2026\/01\/cuzco-300x169.jpg\" alt=\"\" width=\"300\" height=\"169\" srcset=\"https:\/\/lpctour.fr\/2025\/td\/julie\/wp-content\/uploads\/2026\/01\/cuzco-300x169.jpg 300w, https:\/\/lpctour.fr\/2025\/td\/julie\/wp-content\/uploads\/2026\/01\/cuzco-1024x576.jpg 1024w, https:\/\/lpctour.fr\/2025\/td\/julie\/wp-content\/uploads\/2026\/01\/cuzco-768x432.jpg 768w, https:\/\/lpctour.fr\/2025\/td\/julie\/wp-content\/uploads\/2026\/01\/cuzco.jpg 1100w\" sizes=\"auto, (max-width: 300px) 100vw, 300px\" \/><\/span><\/strong><\/span><\/p>\n<p><span style=\"font-size: 10pt; font-family: arial, helvetica, sans-serif; color: #000000;\">Situ\u00e9e \u00e0 3400 m\u00e8tres d&rsquo;altitude, Cuzco est l&rsquo;une des villes les plus importantes du P\u00e9rou. <strong>Ancienne capitale de l&rsquo;Empire Inca<\/strong>, elle incarne l&rsquo;\u00e2me du P\u00e9rou, \u00e0 la crois\u00e9e des traditions ancestrales et de l&rsquo;h\u00e9ritage coloniale espagnol. Les monuments de la ville \u00e0 ne pas manquer sont : la Plaza de Armas, la cath\u00e9drale, le quartier de San Blas, le Temple du Soleil, le palais del Almirante et le mus\u00e9e d&rsquo;art pr\u00e9colombien.\u00a0<\/span><\/p>\n<p><span style=\"color: #ff3636;\"><strong><span style=\"font-size: 18pt; font-family: arial, helvetica, sans-serif;\">5\ufe0f\u20e3 Arequipa<\/span><\/strong><\/span><\/p>\n<p><span style=\"color: #000000; font-family: arial, helvetica, sans-serif; font-size: 10pt;\"><img loading=\"lazy\" decoding=\"async\" class=\"size-medium wp-image-490 alignleft\" src=\"https:\/\/lpctour.fr\/2025\/td\/julie\/wp-content\/uploads\/2026\/01\/arequipa-1-300x200.jpg\" alt=\"\" width=\"300\" height=\"200\" srcset=\"https:\/\/lpctour.fr\/2025\/td\/julie\/wp-content\/uploads\/2026\/01\/arequipa-1-300x200.jpg 300w, https:\/\/lpctour.fr\/2025\/td\/julie\/wp-content\/uploads\/2026\/01\/arequipa-1.jpg 669w\" sizes=\"auto, (max-width: 300px) 100vw, 300px\" \/>Arequipa surnomm\u00e9e <strong>la ville blanche<\/strong> en raison de ses b\u00e2timents construits en sillar (pierre volcanique claire) est la <strong>deuxi\u00e8me plus grande ville du P\u00e9rou<\/strong>. Entour\u00e9e par deux volcans : le Misti et le Chachani, Arequipa est un joyau architectural gr\u00e2ce \u00e0 son centre historique class\u00e9 \u00e0 l&rsquo;Unesco, la Plaza de Armas et le Couvent Santa Catalina.\u00a0<\/span><\/p>\n<p><span style=\"color: #ff3636;\"><strong><span style=\"font-size: 18pt; font-family: arial, helvetica, sans-serif;\">6\ufe0f\u20e3 La forteresse de Sacsayhuam<span class=\"BxUVEf ILfuVd\" lang=\"fr\"><span class=\"hgKElc pOOWX\">\u00e1<\/span><\/span>n<\/span><\/strong><\/span><\/p>\n<p><img loading=\"lazy\" decoding=\"async\" class=\"size-medium wp-image-515 alignright\" src=\"https:\/\/lpctour.fr\/2025\/td\/julie\/wp-content\/uploads\/2026\/01\/la-forteresse-de-Sacsayhuaman-300x169.jpg\" alt=\"\" width=\"300\" height=\"169\" srcset=\"https:\/\/lpctour.fr\/2025\/td\/julie\/wp-content\/uploads\/2026\/01\/la-forteresse-de-Sacsayhuaman-300x169.jpg 300w, https:\/\/lpctour.fr\/2025\/td\/julie\/wp-content\/uploads\/2026\/01\/la-forteresse-de-Sacsayhuaman-1024x576.jpg 1024w, https:\/\/lpctour.fr\/2025\/td\/julie\/wp-content\/uploads\/2026\/01\/la-forteresse-de-Sacsayhuaman-768x432.jpg 768w, https:\/\/lpctour.fr\/2025\/td\/julie\/wp-content\/uploads\/2026\/01\/la-forteresse-de-Sacsayhuaman.jpg 1500w\" sizes=\"auto, (max-width: 300px) 100vw, 300px\" \/><\/p>\n<p><span style=\"font-family: arial, helvetica, sans-serif; font-size: 10pt; color: #000000;\">Situ\u00e9e \u00e0 deux kilom\u00e8tres de Cuzco et \u00e0 3700 m\u00e8tres d&rsquo;altitude, la forteresse de Sacsayhuam<span class=\"BxUVEf ILfuVd\" lang=\"fr\"><span class=\"hgKElc pOOWX\">\u00e1<\/span><\/span>n est l&rsquo;<strong>une des plus grandes constructions incas du P\u00e9rou<\/strong>. Elle couvre une superficie de plus de 3000 hectares remplie de faune et de flore, dont les lamas, les alpagas, les aigles et les faucons. On estime la construction de la forteresse entre 1400 et 1470 mais son r\u00f4le exact reste encore un myst\u00e8re pour les arch\u00e9ologues et historiens. Cependant, elle semble \u00eatre reconnue comme un lieu strat\u00e9gique qui permettait de prot\u00e9ger la ville de Cuzco. Ce site est class\u00e9 au <strong>Patrimoine Mondial de l&rsquo;Unesco<\/strong> depuis 1983. Aujourd&rsquo;hui, <strong>seules 20% des constructions d\u2019origine<\/strong> sont encore visibles.\u00a0<\/span><\/p>\n<p><span style=\"color: #ff3636;\"><strong><span style=\"font-size: 18pt; font-family: arial, helvetica, sans-serif;\">7\ufe0f\u20e3 La Vall\u00e9e sacr\u00e9e des Incas<\/span><\/strong><\/span><\/p>\n<p><img loading=\"lazy\" decoding=\"async\" class=\"size-medium wp-image-492 alignleft\" src=\"https:\/\/lpctour.fr\/2025\/td\/julie\/wp-content\/uploads\/2026\/01\/la-vallee-sacree-des-incas-300x188.jpeg\" alt=\"\" width=\"300\" height=\"188\" srcset=\"https:\/\/lpctour.fr\/2025\/td\/julie\/wp-content\/uploads\/2026\/01\/la-vallee-sacree-des-incas-300x188.jpeg 300w, https:\/\/lpctour.fr\/2025\/td\/julie\/wp-content\/uploads\/2026\/01\/la-vallee-sacree-des-incas-1024x640.jpeg 1024w, https:\/\/lpctour.fr\/2025\/td\/julie\/wp-content\/uploads\/2026\/01\/la-vallee-sacree-des-incas-768x480.jpeg 768w, https:\/\/lpctour.fr\/2025\/td\/julie\/wp-content\/uploads\/2026\/01\/la-vallee-sacree-des-incas.jpeg 1280w\" sizes=\"auto, (max-width: 300px) 100vw, 300px\" \/><\/p>\n<p><span style=\"font-size: 10pt; font-family: arial, helvetica, sans-serif; color: #000000;\">La Vall\u00e9e Sacr\u00e9e des Incas est situ\u00e9e dans les Andes, \u00e0 une heure de la ville de Cuzco. Elle est consid\u00e9r\u00e9e comme l&rsquo;un des endroits les plus spirituels du P\u00e9rou car les Incas croyaient que cette vall\u00e9e \u00e9tait le lieu o\u00f9 r\u00e9sidaient les dieux. Aujourd&rsquo;hui, cette vall\u00e9e regorge de <strong>villages traditionnels, de sites arch\u00e9ologiques impressionnants et de paysages \u00e9poustouflants<\/strong>. De plus, dans cette vall\u00e9e, vous pourrez voir que les communaut\u00e9s locales principalement <strong>les Quechuas<\/strong> continuent de faire <strong>vivre les traditions ancestrales<\/strong> avec le tissage traditionnel de textile et la culture du ma\u00efs, de la pomme de terre et du quinoa dans les terrasses agricoles.\u00a0<\/span><\/p>\n<p><span style=\"color: #ff3636;\"><strong><span style=\"font-size: 18pt; font-family: arial, helvetica, sans-serif;\">8\ufe0f\u20e3 Chan Chan<\/span><\/strong><\/span><\/p>\n<p><img loading=\"lazy\" decoding=\"async\" class=\" wp-image-514 alignright\" src=\"https:\/\/lpctour.fr\/2025\/td\/julie\/wp-content\/uploads\/2026\/01\/chan-chan-300x172.jpg\" alt=\"\" width=\"310\" height=\"178\" srcset=\"https:\/\/lpctour.fr\/2025\/td\/julie\/wp-content\/uploads\/2026\/01\/chan-chan-300x172.jpg 300w, https:\/\/lpctour.fr\/2025\/td\/julie\/wp-content\/uploads\/2026\/01\/chan-chan-768x441.jpg 768w, https:\/\/lpctour.fr\/2025\/td\/julie\/wp-content\/uploads\/2026\/01\/chan-chan.jpg 924w\" sizes=\"auto, (max-width: 310px) 100vw, 310px\" \/><\/p>\n<p><span style=\"font-size: 10pt; font-family: arial, helvetica, sans-serif; color: #000000;\">Situ\u00e9e pr\u00e8s de la ville de Trujillo, Chan Chan est la plus <strong>grande cit\u00e9 en adobe<\/strong> (terre cuite) d&rsquo;Am\u00e9rique Pr\u00e9colombienne. S&rsquo;\u00e9tendant sur plus de<strong> 20km\u00b2<\/strong>, Chan Chan \u00e9tait une ville compos\u00e9e de palais, de temples, de places et de quartiers r\u00e9sidentiels. Le c\u0153ur de la cit\u00e9 est form\u00e9 par 9 citadelles rectangulaires, chacune entour\u00e9e de murs d\u00e9cor\u00e9s avec des motifs g\u00e9om\u00e9triques, des vagues, des poissons et des oiseaux marins. Inscrit au <strong>Patrimoine Mondial de l&rsquo;Unesco <\/strong>depuis 1986, Chan Chan est aujourd&rsquo;hui un site fragile menac\u00e9 par l&rsquo;\u00e9rosion naturelle et les changements climatiques.\u00a0<\/span><\/p>\n<p><span style=\"color: #ff3636;\"><strong><span style=\"font-size: 18pt; font-family: arial, helvetica, sans-serif;\">9\ufe0f\u20e3 Le Parc National de Huascar<span class=\"BxUVEf ILfuVd\" lang=\"fr\"><span class=\"hgKElc pOOWX\">\u00e1<\/span><\/span>n<\/span><\/strong><\/span><\/p>\n<p><img loading=\"lazy\" decoding=\"async\" class=\"size-medium wp-image-520 alignleft\" src=\"https:\/\/lpctour.fr\/2025\/td\/julie\/wp-content\/uploads\/2026\/01\/parc-national-de-huascaran-300x200.jpg\" alt=\"\" width=\"300\" height=\"200\" srcset=\"https:\/\/lpctour.fr\/2025\/td\/julie\/wp-content\/uploads\/2026\/01\/parc-national-de-huascaran-300x200.jpg 300w, https:\/\/lpctour.fr\/2025\/td\/julie\/wp-content\/uploads\/2026\/01\/parc-national-de-huascaran-1024x683.jpg 1024w, https:\/\/lpctour.fr\/2025\/td\/julie\/wp-content\/uploads\/2026\/01\/parc-national-de-huascaran-768x512.jpg 768w, https:\/\/lpctour.fr\/2025\/td\/julie\/wp-content\/uploads\/2026\/01\/parc-national-de-huascaran-1536x1024.jpg 1536w, https:\/\/lpctour.fr\/2025\/td\/julie\/wp-content\/uploads\/2026\/01\/parc-national-de-huascaran.jpg 2048w\" sizes=\"auto, (max-width: 300px) 100vw, 300px\" \/><\/p>\n<p><span style=\"font-size: 10pt; font-family: arial, helvetica, sans-serif; color: #000000;\">Le parc National de Huascar<span class=\"BxUVEf ILfuVd\" lang=\"fr\"><span class=\"hgKElc pOOWX\">\u00e1<\/span><\/span>n situ\u00e9 dans la r\u00e9gion d&rsquo;Ancash, est une merveille naturelle embl\u00e9matique des Andes. Class\u00e9 au <strong>Patrimoine Mondial de l&rsquo;Unesco<\/strong> depuis 1985, il abrite la Cordill\u00e8re Blanche, la plus haute cha\u00eene de montagnes tropicales au monde. S&rsquo;\u00e9tendant sur <strong>340 000 hectares<\/strong>, le parc est parsem\u00e9 de sommets enneig\u00e9s, de glaciers tropicaux et de lacs glaciaires.\u00a0<\/span><\/p>\n<p><span style=\"color: #ff3636;\"><strong><span style=\"font-size: 18pt; font-family: arial, helvetica, sans-serif;\">\ud83d\udd1f La Montagne aux 7 couleurs<\/span><\/strong><\/span><\/p>\n<p><img loading=\"lazy\" decoding=\"async\" class=\"size-medium wp-image-518 alignright\" src=\"https:\/\/lpctour.fr\/2025\/td\/julie\/wp-content\/uploads\/2026\/01\/montagne-des-sept-couleurs-300x201.png\" alt=\"\" width=\"300\" height=\"201\" srcset=\"https:\/\/lpctour.fr\/2025\/td\/julie\/wp-content\/uploads\/2026\/01\/montagne-des-sept-couleurs-300x201.png 300w, https:\/\/lpctour.fr\/2025\/td\/julie\/wp-content\/uploads\/2026\/01\/montagne-des-sept-couleurs-768x515.png 768w, https:\/\/lpctour.fr\/2025\/td\/julie\/wp-content\/uploads\/2026\/01\/montagne-des-sept-couleurs.png 1024w\" sizes=\"auto, (max-width: 300px) 100vw, 300px\" \/><\/p>\n<p><span style=\"font-family: arial, helvetica, sans-serif; font-size: 10pt; color: #000000;\">La <strong>Montagne Arc-en-Ciel<\/strong> \u00e9galement connue sous le nom de la <strong>Montagne aux 7 couleurs<\/strong> est une merveille situ\u00e9e dans la r\u00e9gion de Cuzco. Culminant \u00e0 environ <strong>5036 m\u00e8tres d&rsquo;altitude<\/strong>, elle est renomm\u00e9e pour ses strates color\u00e9es r\u00e9sultant de la composition min\u00e9rale unique de ses sols.\u00a0<\/span><\/p>\n<p>&nbsp;<\/p>\n<p style=\"text-align: center;\"><span style=\"font-size: 18pt; color: #ff3636;\"><strong><span style=\"font-family: arial, helvetica, sans-serif;\">Acc\u00e8s et itin\u00e9raire <span style=\"font-size: 24pt;\">\ud83d\uddfa\ufe0f<\/span><\/span><\/strong><\/span><\/p>\n<p><iframe loading=\"lazy\" style=\"border: 0;\" src=\"https:\/\/www.google.com\/maps\/embed?pb=!1m18!1m12!1m3!1d6542366.944907032!2d-79.4087778245314!3d-11.461329625861776!2m3!1f0!2f0!3f0!3m2!1i1024!2i768!4f13.1!3m3!1m2!1s0x916d9a67d436cb3f%3A0x8654e2ff7a2a8ac0!2sMachu%20Picchu!5e0!3m2!1sfr!2sfr!4v1768152528668!5m2!1sfr!2sfr\" width=\"600\" height=\"450\" allowfullscreen=\"allowfullscreen\"><\/iframe><\/p>\n","protected":false},"excerpt":{"rendered":"<p>Le P\u00e9rou situ\u00e9 sur la c\u00f4te ouest de l&rsquo;Am\u00e9rique du sud, est un pays poss\u00e9dant de nombreux tr\u00e9sors historiques, arch\u00e9ologiques et naturels.\u00a0 Des majestueuses montagnes des Andes aux plages sauvages de la c\u00f4te Pacifique, en passant par la for\u00eat Amazonienne luxuriante, le pays regorge d&rsquo;activit\u00e9s et de lieux incontournables.\u00a0 Que ce soit des activit\u00e9s sportives, &#8230; <span class=\"more\"><a class=\"more-link\" href=\"https:\/\/lpctour.fr\/2025\/td\/julie\/2026\/01\/09\/lieux-emblematiques\/\">[Read more&#8230;]<\/a><\/span><\/p>\n","protected":false},"author":1,"featured_media":456,"comment_status":"closed","ping_status":"closed","sticky":false,"template":"","format":"standard","meta":{"footnotes":""},"categories":[1],"tags":[],"class_list":{"0":"entry","1":"post","2":"publish","3":"author-julie_merlier","4":"post-413","6":"format-standard","7":"has-post-thumbnail","8":"category-non-classe"},"_links":{"self":[{"href":"https:\/\/lpctour.fr\/2025\/td\/julie\/wp-json\/wp\/v2\/posts\/413","targetHints":{"allow":["GET"]}}],"collection":[{"href":"https:\/\/lpctour.fr\/2025\/td\/julie\/wp-json\/wp\/v2\/posts"}],"about":[{"href":"https:\/\/lpctour.fr\/2025\/td\/julie\/wp-json\/wp\/v2\/types\/post"}],"author":[{"embeddable":true,"href":"https:\/\/lpctour.fr\/2025\/td\/julie\/wp-json\/wp\/v2\/users\/1"}],"replies":[{"embeddable":true,"href":"https:\/\/lpctour.fr\/2025\/td\/julie\/wp-json\/wp\/v2\/comments?post=413"}],"version-history":[{"count":43,"href":"https:\/\/lpctour.fr\/2025\/td\/julie\/wp-json\/wp\/v2\/posts\/413\/revisions"}],"predecessor-version":[{"id":602,"href":"https:\/\/lpctour.fr\/2025\/td\/julie\/wp-json\/wp\/v2\/posts\/413\/revisions\/602"}],"wp:featuredmedia":[{"embeddable":true,"href":"https:\/\/lpctour.fr\/2025\/td\/julie\/wp-json\/wp\/v2\/media\/456"}],"wp:attachment":[{"href":"https:\/\/lpctour.fr\/2025\/td\/julie\/wp-json\/wp\/v2\/media?parent=413"}],"wp:term":[{"taxonomy":"category","embeddable":true,"href":"https:\/\/lpctour.fr\/2025\/td\/julie\/wp-json\/wp\/v2\/categories?post=413"},{"taxonomy":"post_tag","embeddable":true,"href":"https:\/\/lpctour.fr\/2025\/td\/julie\/wp-json\/wp\/v2\/tags?post=413"}],"curies":[{"name":"wp","href":"https:\/\/api.w.org\/{rel}","templated":true}]}}