{"id":415,"date":"2026-01-09T16:50:26","date_gmt":"2026-01-09T15:50:26","guid":{"rendered":"https:\/\/lpctour.fr\/2025\/td\/julie\/?p=415"},"modified":"2026-01-11T15:31:03","modified_gmt":"2026-01-11T14:31:03","slug":"gastronomie","status":"publish","type":"post","link":"https:\/\/lpctour.fr\/2025\/td\/julie\/2026\/01\/09\/gastronomie\/","title":{"rendered":"Gastronomie"},"content":{"rendered":"<p style=\"text-align: center;\"><span style=\"font-family: arial, helvetica, sans-serif; color: #000000; font-size: 14pt;\">Le P\u00e9rou est un pays r\u00e9put\u00e9 pour sa cuisine riche et vari\u00e9e. La grande biodiversit\u00e9 du P\u00e9rou se refl\u00e8te dans chaque plat. Des Andes \u00e0 la c\u00f4te Pacifique en passant par l&rsquo;Amazonie, le P\u00e9rou dispose d&rsquo;un large \u00e9ventail d&rsquo;ingr\u00e9dients locaux tels que les pommes de terre, le ma\u00efs, le cacao, les piments, le quinoa, les fruits de mer et une vari\u00e9t\u00e9 de fruits tropicaux.\u00a0<\/span><\/p>\n<p class=\"font_2 wixui-rich-text__text\" style=\"text-align: center;\"><span class=\"wixui-rich-text__text\" style=\"font-family: arial, helvetica, sans-serif; color: #000000; font-size: 14pt;\"><span class=\"color_15 wixui-rich-text__text\">La gastronomie p\u00e9ruvienne est l&rsquo;une des gastronomies les plus r\u00e9put\u00e9es au monde. <\/span><\/span><span class=\"wixui-rich-text__text\" style=\"font-family: arial, helvetica, sans-serif; color: #000000; font-size: 14pt;\"><span class=\"color_15 wixui-rich-text__text\">Cette reconnaissance est illustr\u00e9e par les multiples distinctions obtenues par le pays. <\/span><\/span><span class=\"wixui-rich-text__text\" style=\"font-family: arial, helvetica, sans-serif; color: #000000; font-size: 14pt;\"><span class=\"color_15 wixui-rich-text__text\">Le pays a \u00e9t\u00e9 \u00e9lu <strong>meilleure destination culinaire<\/strong> lors des<strong> World Travel Awards 2018, 2019, 2021, 2022, 2023 et 2024<\/strong>, consid\u00e9r\u00e9s comme les \u00ab\u00a0Oscars du tourisme\u00a0\u00bb.\u00a0<\/span><\/span><\/p>\n<p>&nbsp;<\/p>\n<p style=\"text-align: center;\"><span style=\"font-size: 18pt;\"><strong><span style=\"font-family: arial, helvetica, sans-serif; color: #000000;\">Voici un aper\u00e7u des incontournables de la cuisine p\u00e9ruvienne :\u00a0<\/span><\/strong><\/span><\/p>\n<p><span style=\"font-family: arial, helvetica, sans-serif; font-size: 18pt;\">1\ufe0f\u20e3 <strong><span style=\"color: #ff3636;\">Le Ceviche<\/span><\/strong><\/span><\/p>\n<p><span style=\"font-family: arial, helvetica, sans-serif; font-size: 18pt;\"><strong><span style=\"color: #ff3636;\"><img loading=\"lazy\" decoding=\"async\" class=\" wp-image-431 alignright\" src=\"https:\/\/lpctour.fr\/2025\/td\/julie\/wp-content\/uploads\/2026\/01\/Ceviche-300x200.jpg\" alt=\"\" width=\"245\" height=\"163\" srcset=\"https:\/\/lpctour.fr\/2025\/td\/julie\/wp-content\/uploads\/2026\/01\/Ceviche-300x200.jpg 300w, https:\/\/lpctour.fr\/2025\/td\/julie\/wp-content\/uploads\/2026\/01\/Ceviche-1024x683.jpg 1024w, https:\/\/lpctour.fr\/2025\/td\/julie\/wp-content\/uploads\/2026\/01\/Ceviche-768x512.jpg 768w, https:\/\/lpctour.fr\/2025\/td\/julie\/wp-content\/uploads\/2026\/01\/Ceviche-1536x1024.jpg 1536w, https:\/\/lpctour.fr\/2025\/td\/julie\/wp-content\/uploads\/2026\/01\/Ceviche-2048x1365.jpg 2048w\" sizes=\"auto, (max-width: 245px) 100vw, 245px\" \/><\/span><\/strong><\/span><\/p>\n<p><span style=\"font-family: arial, helvetica, sans-serif; font-size: 10pt; color: #000000;\">C&rsquo;est le plat le plus embl\u00e9matique du P\u00e9rou. Il est compos\u00e9 de poisson cru et\/ou de fruits de mer marin\u00e9s dans du jus de citron vert, accompagn\u00e9s d&rsquo;oignons, de coriandre, de ma\u00efs et de patates douces.\u00a0<\/span><\/p>\n<p><span style=\"font-family: arial, helvetica, sans-serif; font-size: 18pt;\">2\ufe0f\u20e3 <span style=\"color: #ff3636;\"><strong>Le Lomo Saltado<\/strong><\/span><\/span><\/p>\n<p><img loading=\"lazy\" decoding=\"async\" class=\" wp-image-433 alignleft\" src=\"https:\/\/lpctour.fr\/2025\/td\/julie\/wp-content\/uploads\/2026\/01\/lomo-saltado-300x200.jpg\" alt=\"\" width=\"252\" height=\"168\" srcset=\"https:\/\/lpctour.fr\/2025\/td\/julie\/wp-content\/uploads\/2026\/01\/lomo-saltado-300x200.jpg 300w, https:\/\/lpctour.fr\/2025\/td\/julie\/wp-content\/uploads\/2026\/01\/lomo-saltado-1024x683.jpg 1024w, https:\/\/lpctour.fr\/2025\/td\/julie\/wp-content\/uploads\/2026\/01\/lomo-saltado-768x512.jpg 768w, https:\/\/lpctour.fr\/2025\/td\/julie\/wp-content\/uploads\/2026\/01\/lomo-saltado.jpg 1500w\" sizes=\"auto, (max-width: 252px) 100vw, 252px\" \/><\/p>\n<p><span style=\"font-family: arial, helvetica, sans-serif; font-size: 10pt; color: #000000;\">Filet de b\u0153uf coup\u00e9 en fines lamelles, cuisin\u00e9 avec des oignons et des tomates et servi avec des frites et du riz. Ce plat p\u00e9ruvien est inspir\u00e9 de la cuisine chinoise.\u00a0<\/span><\/p>\n<p>&nbsp;<\/p>\n<p>&nbsp;<\/p>\n<p><img loading=\"lazy\" decoding=\"async\" class=\" wp-image-430 alignright\" src=\"https:\/\/lpctour.fr\/2025\/td\/julie\/wp-content\/uploads\/2026\/01\/anticuchos-300x200.jpg\" alt=\"\" width=\"260\" height=\"173\" srcset=\"https:\/\/lpctour.fr\/2025\/td\/julie\/wp-content\/uploads\/2026\/01\/anticuchos-300x200.jpg 300w, https:\/\/lpctour.fr\/2025\/td\/julie\/wp-content\/uploads\/2026\/01\/anticuchos-1024x682.jpg 1024w, https:\/\/lpctour.fr\/2025\/td\/julie\/wp-content\/uploads\/2026\/01\/anticuchos-768x512.jpg 768w, https:\/\/lpctour.fr\/2025\/td\/julie\/wp-content\/uploads\/2026\/01\/anticuchos-1536x1023.jpg 1536w, https:\/\/lpctour.fr\/2025\/td\/julie\/wp-content\/uploads\/2026\/01\/anticuchos.jpg 1600w\" sizes=\"auto, (max-width: 260px) 100vw, 260px\" \/><\/p>\n<p><span style=\"font-family: arial, helvetica, sans-serif; font-size: 18pt;\">3\ufe0f\u20e3 <span style=\"color: #ff3636;\"><strong>L&rsquo;Anticuchos<\/strong><\/span><\/span><\/p>\n<p><span style=\"font-family: arial, helvetica, sans-serif; font-size: 10pt; color: #000000;\">Brochettes de c\u0153ur de b\u0153uf assaisonn\u00e9es au piment et grill\u00e9es au feu de bois, accompagn\u00e9es de pommes de terre r\u00f4ties et de ma\u00efs cuit.\u00a0<\/span><\/p>\n<p><span style=\"font-family: arial, helvetica, sans-serif; font-size: 18pt;\">4\ufe0f\u20e3 <span style=\"color: #ff3636;\"><strong>L&rsquo;aj\u00ed de Gallina<\/strong><\/span><\/span><\/p>\n<p><img loading=\"lazy\" decoding=\"async\" class=\" wp-image-429 alignleft\" src=\"https:\/\/lpctour.fr\/2025\/td\/julie\/wp-content\/uploads\/2026\/01\/aji-de-gallina-300x200.webp\" alt=\"\" width=\"234\" height=\"156\" srcset=\"https:\/\/lpctour.fr\/2025\/td\/julie\/wp-content\/uploads\/2026\/01\/aji-de-gallina-300x200.webp 300w, https:\/\/lpctour.fr\/2025\/td\/julie\/wp-content\/uploads\/2026\/01\/aji-de-gallina.webp 450w\" sizes=\"auto, (max-width: 234px) 100vw, 234px\" \/><\/p>\n<p><span style=\"font-size: 10pt; font-family: arial, helvetica, sans-serif; color: #000000;\">\u00c9minc\u00e9s de poulet cuisin\u00e9s dans une sauce cr\u00e9meuse au piment jaune avec du fromage et des noix et servis avec du riz et des \u0153ufs durs.\u00a0<\/span><\/p>\n<p>&nbsp;<\/p>\n<p>&nbsp;<\/p>\n<p><span style=\"font-family: arial, helvetica, sans-serif; font-size: 18pt;\">5\ufe0f\u20e3 <strong><span style=\"color: #ff3636;\">Le Tacu-Tacu<\/span><\/strong><\/span><\/p>\n<p><img loading=\"lazy\" decoding=\"async\" class=\" wp-image-432 alignright\" src=\"https:\/\/lpctour.fr\/2025\/td\/julie\/wp-content\/uploads\/2026\/01\/le-tacu-tacu-300x300.webp\" alt=\"\" width=\"185\" height=\"185\" srcset=\"https:\/\/lpctour.fr\/2025\/td\/julie\/wp-content\/uploads\/2026\/01\/le-tacu-tacu-300x300.webp 300w, https:\/\/lpctour.fr\/2025\/td\/julie\/wp-content\/uploads\/2026\/01\/le-tacu-tacu-1024x1024.webp 1024w, https:\/\/lpctour.fr\/2025\/td\/julie\/wp-content\/uploads\/2026\/01\/le-tacu-tacu-150x150.webp 150w, https:\/\/lpctour.fr\/2025\/td\/julie\/wp-content\/uploads\/2026\/01\/le-tacu-tacu-768x768.webp 768w, https:\/\/lpctour.fr\/2025\/td\/julie\/wp-content\/uploads\/2026\/01\/le-tacu-tacu.webp 1280w\" sizes=\"auto, (max-width: 185px) 100vw, 185px\" \/><\/p>\n<p><span style=\"font-family: arial, helvetica, sans-serif; color: #000000; font-size: 10pt;\">C&rsquo;est un des plats les plus populaires du P\u00e9rou. Il est compos\u00e9 de riz m\u00e9lang\u00e9 \u00e0 des\u00a0<\/span><span style=\"font-family: arial, helvetica, sans-serif; color: #000000; font-size: 10pt;\">haricots, puis frits \u00e0 la po\u00ea<\/span><span style=\"font-family: arial, helvetica, sans-serif; color: #000000; font-size: 10pt;\">le ensemble, jusqu&rsquo;\u00e0 former une galette dor\u00e9e et croustillante \u00e0 l&rsquo;ext\u00e9rieur. Ce plat est souvent accompagn\u00e9 de viande comme un steak, une escalope pan\u00e9e, de poisson frit ou m\u00eame d&rsquo;un \u0153uf au plat.\u00a0<\/span><\/p>\n<p><span style=\"font-family: arial, helvetica, sans-serif; font-size: 18pt;\">6\ufe0f\u20e3 <strong><span style=\"color: #ff3636;\">Le Suspiro a la Lime<span class=\"BxUVEf ILfuVd\" lang=\"fr\"><span class=\"hgKElc pOOWX\">\u00f1<\/span><\/span>a<\/span><\/strong><\/span><\/p>\n<p><img loading=\"lazy\" decoding=\"async\" class=\" wp-image-435 alignleft\" src=\"https:\/\/lpctour.fr\/2025\/td\/julie\/wp-content\/uploads\/2026\/01\/suspiro-a-la-limena-300x200.jpg\" alt=\"\" width=\"248\" height=\"165\" srcset=\"https:\/\/lpctour.fr\/2025\/td\/julie\/wp-content\/uploads\/2026\/01\/suspiro-a-la-limena-300x200.jpg 300w, https:\/\/lpctour.fr\/2025\/td\/julie\/wp-content\/uploads\/2026\/01\/suspiro-a-la-limena.jpg 640w\" sizes=\"auto, (max-width: 248px) 100vw, 248px\" \/><\/p>\n<p><span style=\"font-family: arial, helvetica, sans-serif; font-size: 10pt; color: #000000;\">C&rsquo;est un dessert traditionnel p\u00e9ruvien combinant une base de cr\u00e8me au dulce de leche (confiture de lait), couronn\u00e9e par une meringue l\u00e9g\u00e8re parfum\u00e9e au porto ou au vin doux.\u00a0<\/span><\/p>\n<p>&nbsp;<\/p>\n<p>&nbsp;<\/p>\n","protected":false},"excerpt":{"rendered":"<p>Le P\u00e9rou est un pays r\u00e9put\u00e9 pour sa cuisine riche et vari\u00e9e. La grande biodiversit\u00e9 du P\u00e9rou se refl\u00e8te dans chaque plat. Des Andes \u00e0 la c\u00f4te Pacifique en passant par l&rsquo;Amazonie, le P\u00e9rou dispose d&rsquo;un large \u00e9ventail d&rsquo;ingr\u00e9dients locaux tels que les pommes de terre, le ma\u00efs, le cacao, les piments, le quinoa, les &#8230; <span class=\"more\"><a class=\"more-link\" href=\"https:\/\/lpctour.fr\/2025\/td\/julie\/2026\/01\/09\/gastronomie\/\">[Read more&#8230;]<\/a><\/span><\/p>\n","protected":false},"author":1,"featured_media":422,"comment_status":"closed","ping_status":"closed","sticky":false,"template":"","format":"standard","meta":{"footnotes":""},"categories":[1],"tags":[],"class_list":{"0":"entry","1":"post","2":"publish","3":"author-julie_merlier","4":"post-415","6":"format-standard","7":"has-post-thumbnail","8":"category-non-classe"},"_links":{"self":[{"href":"https:\/\/lpctour.fr\/2025\/td\/julie\/wp-json\/wp\/v2\/posts\/415","targetHints":{"allow":["GET"]}}],"collection":[{"href":"https:\/\/lpctour.fr\/2025\/td\/julie\/wp-json\/wp\/v2\/posts"}],"about":[{"href":"https:\/\/lpctour.fr\/2025\/td\/julie\/wp-json\/wp\/v2\/types\/post"}],"author":[{"embeddable":true,"href":"https:\/\/lpctour.fr\/2025\/td\/julie\/wp-json\/wp\/v2\/users\/1"}],"replies":[{"embeddable":true,"href":"https:\/\/lpctour.fr\/2025\/td\/julie\/wp-json\/wp\/v2\/comments?post=415"}],"version-history":[{"count":15,"href":"https:\/\/lpctour.fr\/2025\/td\/julie\/wp-json\/wp\/v2\/posts\/415\/revisions"}],"predecessor-version":[{"id":551,"href":"https:\/\/lpctour.fr\/2025\/td\/julie\/wp-json\/wp\/v2\/posts\/415\/revisions\/551"}],"wp:featuredmedia":[{"embeddable":true,"href":"https:\/\/lpctour.fr\/2025\/td\/julie\/wp-json\/wp\/v2\/media\/422"}],"wp:attachment":[{"href":"https:\/\/lpctour.fr\/2025\/td\/julie\/wp-json\/wp\/v2\/media?parent=415"}],"wp:term":[{"taxonomy":"category","embeddable":true,"href":"https:\/\/lpctour.fr\/2025\/td\/julie\/wp-json\/wp\/v2\/categories?post=415"},{"taxonomy":"post_tag","embeddable":true,"href":"https:\/\/lpctour.fr\/2025\/td\/julie\/wp-json\/wp\/v2\/tags?post=415"}],"curies":[{"name":"wp","href":"https:\/\/api.w.org\/{rel}","templated":true}]}}