{"id":417,"date":"2026-01-09T16:50:38","date_gmt":"2026-01-09T15:50:38","guid":{"rendered":"https:\/\/lpctour.fr\/2025\/td\/julie\/?p=417"},"modified":"2026-01-11T17:18:22","modified_gmt":"2026-01-11T16:18:22","slug":"traditions-culturelles","status":"publish","type":"post","link":"https:\/\/lpctour.fr\/2025\/td\/julie\/2026\/01\/09\/traditions-culturelles\/","title":{"rendered":"Traditions culturelles"},"content":{"rendered":"<p style=\"text-align: center;\"><span style=\"font-family: arial, helvetica, sans-serif; color: #000000; font-size: 14pt;\">Color\u00e9es, spirituelles, festives, les traditions culturelles du P\u00e9rou font partie int\u00e9grante du Patrimoine Culturel du pays et du quotidien de la population locale.\u00a0<\/span><\/p>\n<p style=\"text-align: center;\"><span style=\"font-size: 14pt;\"><strong><span style=\"color: #000000; font-family: arial, helvetica, sans-serif;\">D\u00e9couvrez quelques traditions culturelles du P\u00e9rou et plongez dans un univers vibrant de culture, de spiritualit\u00e9 et de f\u00eates !\u00a0<\/span><\/strong><\/span><\/p>\n<p><span style=\"font-size: 24pt;\">1\ufe0f\u20e3 <span style=\"color: #ff3636;\"><strong><span style=\"font-family: arial, helvetica, sans-serif; font-size: 18pt;\">La F\u00eate Nationale\u00a0<\/span><\/strong><\/span><\/span><\/p>\n<p><img loading=\"lazy\" decoding=\"async\" class=\" wp-image-560 alignleft\" src=\"https:\/\/lpctour.fr\/2025\/td\/julie\/wp-content\/uploads\/2026\/01\/fete-nationale-300x225.jpg\" alt=\"\" width=\"195\" height=\"147\" srcset=\"https:\/\/lpctour.fr\/2025\/td\/julie\/wp-content\/uploads\/2026\/01\/fete-nationale-300x225.jpg 300w, https:\/\/lpctour.fr\/2025\/td\/julie\/wp-content\/uploads\/2026\/01\/fete-nationale-768x576.jpg 768w, https:\/\/lpctour.fr\/2025\/td\/julie\/wp-content\/uploads\/2026\/01\/fete-nationale.jpg 1024w\" sizes=\"auto, (max-width: 195px) 100vw, 195px\" \/><span style=\"font-family: arial, helvetica, sans-serif; font-size: 10pt; color: #000000;\">La F\u00eate Nationale est c\u00e9l\u00e9br\u00e9e tous les ans, le 28 juillet et 29 juillet pour comm\u00e9morer l&rsquo;ind\u00e9pendance du pays proclam\u00e9e en 1821, vis-\u00e0-vis de l&rsquo;Espagne. Plusieurs \u00e9v\u00e8nements ont lieu pendant ces deux jours :\u00a0<\/span><\/p>\n<ul>\n<li><span style=\"font-family: arial, helvetica, sans-serif; font-size: 10pt; color: #000000;\"><strong>Le 28 juillet<\/strong>, c&rsquo;est la journ\u00e9e de l&rsquo;ind\u00e9pendance du pays : musiques et danses folkloriques, feux d&rsquo;artifices et grands d\u00e9fil\u00e9s sont \u00e0 l&rsquo;honneur dans toutes les rues pays.\u00a0<\/span><\/li>\n<li><span style=\"font-family: arial, helvetica, sans-serif; font-size: 10pt; color: #000000;\"><strong>Le 29 juillet<\/strong>, la c\u00e9l\u00e9bration est d\u00e9di\u00e9e aux Forces Arm\u00e9es p\u00e9ruviennes. Des d\u00e9fil\u00e9s militaires et des c\u00e9r\u00e9monies sont organis\u00e9s pour saluer ceux qui assurent la d\u00e9fense et la s\u00e9curit\u00e9 du pays.\u00a0<\/span><\/li>\n<\/ul>\n<p><img loading=\"lazy\" decoding=\"async\" class=\" wp-image-428 alignright\" src=\"https:\/\/lpctour.fr\/2025\/td\/julie\/wp-content\/uploads\/2026\/01\/semaine-sainte-300x200.jpg\" alt=\"\" width=\"263\" height=\"175\" srcset=\"https:\/\/lpctour.fr\/2025\/td\/julie\/wp-content\/uploads\/2026\/01\/semaine-sainte-300x200.jpg 300w, https:\/\/lpctour.fr\/2025\/td\/julie\/wp-content\/uploads\/2026\/01\/semaine-sainte-768x511.jpg 768w, https:\/\/lpctour.fr\/2025\/td\/julie\/wp-content\/uploads\/2026\/01\/semaine-sainte.jpg 800w\" sizes=\"auto, (max-width: 263px) 100vw, 263px\" \/><\/p>\n<p><span style=\"font-size: 24pt;\">2\ufe0f\u20e3 <span style=\"font-family: arial, helvetica, sans-serif; font-size: 18pt; color: #ff3636;\"><strong>La Semaine Sainte<\/strong><\/span><\/span><\/p>\n<p><span style=\"font-family: arial, helvetica, sans-serif; font-size: 10pt; color: #000000;\">La Semaine Sainte (Semana Santa) est l&rsquo;une des c\u00e9l\u00e9brations religieuses les plus importantes du pays. Elle a lieu <strong>la semaine pr\u00e9c\u00e9dent P\u00e2ques<\/strong> et comm\u00e9more la passion, la mort et la r\u00e9surrection du Christ. Elle est c\u00e9l\u00e9br\u00e9e dans tout le P\u00e9rou, des statues de Christ, de la Vierge Marie ou des Saints sont port\u00e9es dans les rues, accompagn\u00e9es de pri\u00e8res, de chants et de musique.\u00a0<\/span><\/p>\n<p><span style=\"font-size: 24pt;\">3\ufe0f\u20e3 <strong><span style=\"font-size: 18pt; font-family: arial, helvetica, sans-serif; color: #ff3636;\">Le P\u00e8lerinage de Qoyllur Rit&rsquo;i<\/span><\/strong><\/span><\/p>\n<p><img loading=\"lazy\" decoding=\"async\" class=\"size-medium wp-image-426 alignleft\" src=\"https:\/\/lpctour.fr\/2025\/td\/julie\/wp-content\/uploads\/2026\/01\/le-pelerinage-300x196.jpg\" alt=\"\" width=\"300\" height=\"196\" srcset=\"https:\/\/lpctour.fr\/2025\/td\/julie\/wp-content\/uploads\/2026\/01\/le-pelerinage-300x196.jpg 300w, https:\/\/lpctour.fr\/2025\/td\/julie\/wp-content\/uploads\/2026\/01\/le-pelerinage.jpg 500w\" sizes=\"auto, (max-width: 300px) 100vw, 300px\" \/><\/p>\n<p><span style=\"font-family: arial, helvetica, sans-serif; font-size: 10pt; color: #000000;\">Ce p\u00e8lerinage traditionnel a lieu chaque ann\u00e9e depuis plus de deux si\u00e8cles, <strong>58 jours apr\u00e8s P\u00e2ques<\/strong>, dans le but de rendre hommage \u00e0 l&rsquo;apparition de l&rsquo;image du Christ crucifi\u00e9 sur un rocher de l&rsquo;Ansangate, l&rsquo;une des montagnes les plus hautes du P\u00e9rou, situ\u00e9e dans la r\u00e9gion de Cuzco. Ce p\u00e8lerinage a \u00e9t\u00e9 inscrit au Patrimoine Culturel Immat\u00e9riel de l&rsquo;Humanit\u00e9 par l&rsquo;Unesco en 2011.\u00a0<\/span><\/p>\n<p><span style=\"font-size: 24pt;\">4\ufe0f\u20e3 <span style=\"font-size: 18pt;\"><strong><span style=\"font-family: arial, helvetica, sans-serif; color: #ff3636;\">Le Carnaval de Puno<\/span><\/strong><\/span><\/span><\/p>\n<p><img loading=\"lazy\" decoding=\"async\" class=\"size-medium wp-image-557 alignright\" src=\"https:\/\/lpctour.fr\/2025\/td\/julie\/wp-content\/uploads\/2026\/01\/carnaval-de-puno-300x200.jpg\" alt=\"\" width=\"300\" height=\"200\" srcset=\"https:\/\/lpctour.fr\/2025\/td\/julie\/wp-content\/uploads\/2026\/01\/carnaval-de-puno-300x200.jpg 300w, https:\/\/lpctour.fr\/2025\/td\/julie\/wp-content\/uploads\/2026\/01\/carnaval-de-puno-768x512.jpg 768w, https:\/\/lpctour.fr\/2025\/td\/julie\/wp-content\/uploads\/2026\/01\/carnaval-de-puno.jpg 1024w\" sizes=\"auto, (max-width: 300px) 100vw, 300px\" \/><\/p>\n<p><span style=\"font-family: arial, helvetica, sans-serif; color: #000000; font-size: 10pt;\">Le Carnaval de Puno \u00e9galement appel\u00e9 \u00ab\u00a0Fiesta de la Candelaria\u00a0\u00bb, est l&rsquo;un des plus grands festivals du P\u00e9rou. C&rsquo;est une f\u00eate religieuse et culturelle en l&rsquo;honneur de la Vierge de la Candelaria, Sainte Patronne de la ville de Puno. Il a lieu chaque ann\u00e9e, <strong>d\u00e9but f\u00e9vrier<\/strong> et dure plus de deux semaines. Pendant plusieurs jours dans la ville de Puno, des milliers de danseurs et musiciens d\u00e9filent dans les rues repr\u00e9sentant diff\u00e9rentes r\u00e9gions et traditions. Les costumes sont incroyables : masques de diable, plumes, broderies, pierres brillantes&#8230;\u00a0<\/span><\/p>\n<p><span style=\"font-size: 10pt; font-family: arial, helvetica, sans-serif; color: #000000;\">Le 2 f\u00e9vrier, jour de la Chandeleur, la Vierge est transport\u00e9e vers la ville au cours d&rsquo;une procession riche en couleurs, accompagn\u00e9e de musique et de danse.\u00a0<\/span><\/p>\n<p><span style=\"font-size: 24pt;\">5\ufe0f\u20e3 <strong><span style=\"color: #ff3636; font-family: arial, helvetica, sans-serif; font-size: 18pt;\">Inti Raymi<\/span><\/strong><\/span><\/p>\n<p><img loading=\"lazy\" decoding=\"async\" class=\"size-medium wp-image-566 alignleft\" src=\"https:\/\/lpctour.fr\/2025\/td\/julie\/wp-content\/uploads\/2026\/01\/inti-raymi-300x187.jpg\" alt=\"\" width=\"300\" height=\"187\" srcset=\"https:\/\/lpctour.fr\/2025\/td\/julie\/wp-content\/uploads\/2026\/01\/inti-raymi-300x187.jpg 300w, https:\/\/lpctour.fr\/2025\/td\/julie\/wp-content\/uploads\/2026\/01\/inti-raymi.jpg 600w\" sizes=\"auto, (max-width: 300px) 100vw, 300px\" \/><\/p>\n<p><span style=\"font-family: arial, helvetica, sans-serif; font-size: 10pt; color: #000000;\">L&rsquo;Inti Raymi est une c\u00e9r\u00e9monie religieuse inca. Elle signifie F\u00eate du Soleil ou F\u00eate du Dieu Soleil en langue Quechua. Selon la mythologie inca, Inti \u00e9tait le dieu du soleil mais aussi une divinit\u00e9 de l&rsquo;Empire Inca.\u00a0<\/span><\/p>\n<p><span style=\"font-family: arial, helvetica, sans-serif; font-size: 10pt; color: #000000;\">La f\u00eate de l&rsquo;Inti Raymi se d\u00e9roule chaque ann\u00e9e, <strong>le 24 juin<\/strong> pour c\u00e9l\u00e9brer le solstice d&rsquo;hiver. La ville de Cuzco est toujours le lieu central de la c\u00e9l\u00e9bration. La c\u00e9r\u00e9monie commence le matin par une immense parade dans les rues de Cuzco et l&rsquo;apr\u00e8s-midi, un spectacle \u00e9poustouflant a lieu au c\u0153ur de <span style=\"color: #3b28e0;\"><a style=\"color: #3b28e0;\" href=\"https:\/\/lpctour.fr\/2025\/td\/julie\/2026\/01\/09\/lieux-emblematiques\/\"><strong>la forteresse Sacsayhuam\u00e1n<\/strong>.<\/a>\u00a0<\/span><\/span><\/p>\n<p><span style=\"font-size: 10pt; font-family: arial, helvetica, sans-serif; color: #000000;\">Des milliers de touristes viennent assister \u00e0 ce spectacle chaque ann\u00e9e pour observer les danses andines, \u00e9couter des musiques traditionnelles et pour voir les repr\u00e9sentations th\u00e9\u00e2trales repr\u00e9sentant les c\u00e9r\u00e9monies incas traditionnelles.\u00a0<\/span><\/p>\n<p><span style=\"font-size: 24pt;\">6\ufe0f\u20e3 <strong><span style=\"color: #ff3636; font-family: arial, helvetica, sans-serif; font-size: 18pt;\">Le tissage p\u00e9ruvien<\/span><\/strong><\/span><\/p>\n<p><img loading=\"lazy\" decoding=\"async\" class=\"size-medium wp-image-585 alignright\" src=\"https:\/\/lpctour.fr\/2025\/td\/julie\/wp-content\/uploads\/2026\/01\/tissage-traditionnel-1-300x200.jpg\" alt=\"\" width=\"300\" height=\"200\" srcset=\"https:\/\/lpctour.fr\/2025\/td\/julie\/wp-content\/uploads\/2026\/01\/tissage-traditionnel-1-300x200.jpg 300w, https:\/\/lpctour.fr\/2025\/td\/julie\/wp-content\/uploads\/2026\/01\/tissage-traditionnel-1.jpg 612w\" sizes=\"auto, (max-width: 300px) 100vw, 300px\" \/><\/p>\n<p><span style=\"font-family: arial, helvetica, sans-serif; font-size: 10pt; color: #000000;\">Le tissage est l&rsquo;art le plus ancien et le plus embl\u00e9matique du P\u00e9rou. H\u00e9rit\u00e9 des civilisations pr\u00e9colombiennes, ce savoir-faire ancestral est transmis de g\u00e9n\u00e9ration en g\u00e9n\u00e9ration, souvent d\u00e8s l&rsquo;enfance.\u00a0<\/span><\/p>\n<p><span style=\"font-family: arial, helvetica, sans-serif; font-size: 10pt; color: #000000;\">Les fibres utilis\u00e9es proviennent principalement de l&rsquo;alpaga et du lama. La laine est fil\u00e9e \u00e0 la main \u00e0 l&rsquo;aide d&rsquo;un fuseau traditionnel. Pour la coloration, les artisanes utilisent des teintures naturelles \u00e0 base de plantes, de min\u00e9raux et m\u00eame d&rsquo;insectes comme la cochenille qui donne un rouge intense.\u00a0<\/span><\/p>\n<p><span style=\"font-family: arial, helvetica, sans-serif; font-size: 10pt; color: #000000;\"><img loading=\"lazy\" decoding=\"async\" class=\"size-medium wp-image-587 alignleft\" src=\"https:\/\/lpctour.fr\/2025\/td\/julie\/wp-content\/uploads\/2026\/01\/tissu-andin-287x300.webp\" alt=\"\" width=\"287\" height=\"300\" srcset=\"https:\/\/lpctour.fr\/2025\/td\/julie\/wp-content\/uploads\/2026\/01\/tissu-andin-287x300.webp 287w, https:\/\/lpctour.fr\/2025\/td\/julie\/wp-content\/uploads\/2026\/01\/tissu-andin.webp 570w\" sizes=\"auto, (max-width: 287px) 100vw, 287px\" \/>Les motifs repr\u00e9sent\u00e9s sur les textiles andins ne sont pas que d\u00e9coratifs : ils transmettent un message, une histoire, une croyance. Chaque motif poss\u00e8de une signification profonde, ancr\u00e9 dans la culture et l&rsquo;histoire de son peuple. Par exemple, certains motifs peuvent repr\u00e9senter des \u00e9l\u00e9ments de la nature tels que les montagnes, les rivi\u00e8res ou les animaux, tandis que d&rsquo;autres peuvent \u00e9voquer des cycles de la nature et des traditions locales. Chaque r\u00e9gion et chaque communaut\u00e9 poss\u00e8de ses propres motifs et couleurs.\u00a0<\/span><\/p>\n","protected":false},"excerpt":{"rendered":"<p>Color\u00e9es, spirituelles, festives, les traditions culturelles du P\u00e9rou font partie int\u00e9grante du Patrimoine Culturel du pays et du quotidien de la population locale.\u00a0 D\u00e9couvrez quelques traditions culturelles du P\u00e9rou et plongez dans un univers vibrant de culture, de spiritualit\u00e9 et de f\u00eates !\u00a0 1\ufe0f\u20e3 La F\u00eate Nationale\u00a0 La F\u00eate Nationale est c\u00e9l\u00e9br\u00e9e tous les ans, &#8230; <span class=\"more\"><a class=\"more-link\" href=\"https:\/\/lpctour.fr\/2025\/td\/julie\/2026\/01\/09\/traditions-culturelles\/\">[Read more&#8230;]<\/a><\/span><\/p>\n","protected":false},"author":1,"featured_media":425,"comment_status":"closed","ping_status":"closed","sticky":false,"template":"","format":"standard","meta":{"footnotes":""},"categories":[1],"tags":[],"class_list":{"0":"entry","1":"post","2":"publish","3":"author-julie_merlier","4":"post-417","6":"format-standard","7":"has-post-thumbnail","8":"category-non-classe"},"_links":{"self":[{"href":"https:\/\/lpctour.fr\/2025\/td\/julie\/wp-json\/wp\/v2\/posts\/417","targetHints":{"allow":["GET"]}}],"collection":[{"href":"https:\/\/lpctour.fr\/2025\/td\/julie\/wp-json\/wp\/v2\/posts"}],"about":[{"href":"https:\/\/lpctour.fr\/2025\/td\/julie\/wp-json\/wp\/v2\/types\/post"}],"author":[{"embeddable":true,"href":"https:\/\/lpctour.fr\/2025\/td\/julie\/wp-json\/wp\/v2\/users\/1"}],"replies":[{"embeddable":true,"href":"https:\/\/lpctour.fr\/2025\/td\/julie\/wp-json\/wp\/v2\/comments?post=417"}],"version-history":[{"count":24,"href":"https:\/\/lpctour.fr\/2025\/td\/julie\/wp-json\/wp\/v2\/posts\/417\/revisions"}],"predecessor-version":[{"id":593,"href":"https:\/\/lpctour.fr\/2025\/td\/julie\/wp-json\/wp\/v2\/posts\/417\/revisions\/593"}],"wp:featuredmedia":[{"embeddable":true,"href":"https:\/\/lpctour.fr\/2025\/td\/julie\/wp-json\/wp\/v2\/media\/425"}],"wp:attachment":[{"href":"https:\/\/lpctour.fr\/2025\/td\/julie\/wp-json\/wp\/v2\/media?parent=417"}],"wp:term":[{"taxonomy":"category","embeddable":true,"href":"https:\/\/lpctour.fr\/2025\/td\/julie\/wp-json\/wp\/v2\/categories?post=417"},{"taxonomy":"post_tag","embeddable":true,"href":"https:\/\/lpctour.fr\/2025\/td\/julie\/wp-json\/wp\/v2\/tags?post=417"}],"curies":[{"name":"wp","href":"https:\/\/api.w.org\/{rel}","templated":true}]}}